{"id":892,"date":"2011-09-07T08:43:59","date_gmt":"2011-09-07T06:43:59","guid":{"rendered":"https:\/\/giannidavico.it\/staging\/gopiedmont\/?p=892"},"modified":"2011-09-07T08:43:59","modified_gmt":"2011-09-07T06:43:59","slug":"vija-piemonteisa-a-carmagnola","status":"publish","type":"post","link":"https:\/\/giannidavico.it\/gopiedmont\/2011\/09\/07\/vija-piemonteisa-a-carmagnola\/","title":{"rendered":"Vij\u00e0 piemont\u00e8isa a Carmagn\u00f2la"},"content":{"rendered":"<p><a href=\"https:\/\/giannidavico.it\/gopiedmont\/files\/2011\/09\/Vija.jpg\"><img loading=\"lazy\" src=\"https:\/\/giannidavico.it\/gopiedmont\/files\/2011\/09\/Vija-300x275.jpg\" alt=\"\" title=\"Vija\" width=\"300\" height=\"275\" class=\"alignright size-medium wp-image-893\" srcset=\"https:\/\/giannidavico.it\/gopiedmont\/files\/2011\/09\/Vija-300x275.jpg 300w, https:\/\/giannidavico.it\/gopiedmont\/files\/2011\/09\/Vija.jpg 800w\" sizes=\"(max-width: 300px) 100vw, 300px\" \/><\/a><br \/>\nV\u00ebnner 16 st\u00e8mber a neuv ore \u2018d s\u00e8ira i soma tuti invit\u00e0, da la comun-a \u2018d Carmagn\u00f2la e da l\u2019<a href=\"http:\/\/www.arcancel.eu\/\" title=\"Arcancel\" target=\"_blank\">associassion cultural piemont\u00e8isa Arcancel<\/a>, a la Vij\u00e0 piemont\u00e8isa \u2018d poes\u00eca e canson popolar.<\/p>\n<p>A Carmagnola, ant la sala Antichi Bastioni (an piassa Antichi Bastioni), \u00ebl grup vocal e musical <em>Le vos grise<\/em> a canta ansema a la gent p\u00ebrch\u00e8, com ch\u2019a diso lor, \u201ccant\u00e9 a f\u00e0 bin al cheur [&#8230;], cant\u00e9 a l&#8217;\u00e9 gi\u00e0 un boneur\u201d.<\/p>\n<p>A leseran \u00ebdc\u00f2 poes\u00ece e pr\u00f2se d\u2019autor carmagnol\u00e8is e nen mach: Costa, Mottura, Badalin, Br\u00e9 e via f\u00f2rt.<\/p>\n","protected":false},"excerpt":{"rendered":"<p><a href=\"https:\/\/giannidavico.it\/gopiedmont\/files\/2011\/09\/Vija.jpg\"><img loading=\"lazy\" src=\"https:\/\/giannidavico.it\/gopiedmont\/files\/2011\/09\/Vija-300x275.jpg\" alt=\"\" title=\"Vija\" width=\"300\" height=\"275\" class=\"alignright size-medium wp-image-893\" srcset=\"https:\/\/giannidavico.it\/gopiedmont\/files\/2011\/09\/Vija-300x275.jpg 300w, https:\/\/giannidavico.it\/gopiedmont\/files\/2011\/09\/Vija.jpg 800w\" sizes=\"(max-width: 300px) 100vw, 300px\" \/><\/a><br \/> V\u00ebnner 16 st\u00e8mber a neuv ore \u2018d s\u00e8ira i soma tuti invit\u00e0, da la comun-a \u2018d Carmagn\u00f2la e da l\u2019<a href=\"http:\/\/www.arcancel.eu\/\" title=\"Arcancel\" target=\"_blank\">associassion cultural piemont\u00e8isa Arcancel<\/a>, a la Vij\u00e0 piemont\u00e8isa \u2018d poes\u00eca e canson popolar.<\/p>\n<p>A Carmagnola, ant la sala Antichi Bastioni (an piassa Antichi Bastioni), \u00ebl grup vocal e musical <em>Le vos grise<\/em> a canta ansema a la gent p\u00ebrch\u00e8, com ch\u2019a diso lor, \u201ccant\u00e9 a f\u00e0 bin al cheur [&#8230;], cant\u00e9 a l&#8217;\u00e9 gi\u00e0 un boneur\u201d.<\/p>\n<p>A leseran \u00ebdc\u00f2 poes\u00ece e pr\u00f2se d\u2019autor carmagnol\u00e8is e nen mach: Costa, Mottura, Badalin, Br\u00e9 e via f\u00f2rt.<\/p>\n","protected":false},"author":4,"featured_media":0,"comment_status":"open","ping_status":"open","sticky":false,"template":"","format":"standard","meta":[],"categories":[130],"tags":[131],"yoast_head":"<!-- This site is optimized with the Yoast SEO plugin v19.14 - https:\/\/yoast.com\/wordpress\/plugins\/seo\/ -->\n<title>Vij\u00e0 piemont\u00e8isa a Carmagn\u00f2la - Go Piedmont<\/title>\n<meta name=\"robots\" content=\"index, follow, max-snippet:-1, max-image-preview:large, max-video-preview:-1\" \/>\n<link rel=\"canonical\" href=\"https:\/\/giannidavico.it\/gopiedmont\/2011\/09\/07\/vija-piemonteisa-a-carmagnola\/\" \/>\n<meta property=\"og:locale\" content=\"it_IT\" \/>\n<meta property=\"og:type\" content=\"article\" \/>\n<meta property=\"og:title\" content=\"Vij\u00e0 piemont\u00e8isa a Carmagn\u00f2la - Go Piedmont\" \/>\n<meta property=\"og:description\" content=\"V\u00ebnner 16 st\u00e8mber a neuv ore \u2018d s\u00e8ira i soma tuti invit\u00e0, da la comun-a \u2018d Carmagn\u00f2la e da l\u2019associassion cultural piemont\u00e8isa Arcancel, a la Vij\u00e0 piemont\u00e8isa \u2018d poes\u00eca e canson popolar. A Carmagnola, ant la sala Antichi Bastioni (an piassa Antichi Bastioni), \u00ebl grup vocal e musical Le vos grise a canta ansema a la gent p\u00ebrch\u00e8, com ch\u2019a diso lor, \u201ccant\u00e9 a f\u00e0 bin al cheur [&#8230;], cant\u00e9 a l&#8217;\u00e9 gi\u00e0 un boneur\u201d. A leseran \u00ebdc\u00f2 poes\u00ece e pr\u00f2se d\u2019autor carmagnol\u00e8is e nen mach: Costa, Mottura, Badalin, Br\u00e9 e via f\u00f2rt.\" \/>\n<meta property=\"og:url\" content=\"https:\/\/giannidavico.it\/gopiedmont\/2011\/09\/07\/vija-piemonteisa-a-carmagnola\/\" \/>\n<meta property=\"og:site_name\" content=\"Go Piedmont\" \/>\n<meta property=\"article:published_time\" content=\"2011-09-07T06:43:59+00:00\" \/>\n<meta property=\"og:image\" content=\"https:\/\/giannidavico.it\/gopiedmont\/files\/2011\/09\/Vija-300x275.jpg\" \/>\n<meta name=\"author\" content=\"giannidavico\" \/>\n<meta name=\"twitter:card\" content=\"summary_large_image\" \/>\n<meta name=\"twitter:label1\" content=\"Scritto da\" \/>\n\t<meta name=\"twitter:data1\" content=\"giannidavico\" \/>\n\t<meta name=\"twitter:label2\" content=\"Tempo di lettura stimato\" \/>\n\t<meta name=\"twitter:data2\" content=\"1 minuto\" \/>\n<script type=\"application\/ld+json\" class=\"yoast-schema-graph\">{\"@context\":\"https:\/\/schema.org\",\"@graph\":[{\"@type\":\"WebPage\",\"@id\":\"https:\/\/giannidavico.it\/gopiedmont\/2011\/09\/07\/vija-piemonteisa-a-carmagnola\/\",\"url\":\"https:\/\/giannidavico.it\/gopiedmont\/2011\/09\/07\/vija-piemonteisa-a-carmagnola\/\",\"name\":\"Vij\u00e0 piemont\u00e8isa a Carmagn\u00f2la - Go Piedmont\",\"isPartOf\":{\"@id\":\"https:\/\/giannidavico.it\/gopiedmont\/#website\"},\"datePublished\":\"2011-09-07T06:43:59+00:00\",\"dateModified\":\"2011-09-07T06:43:59+00:00\",\"author\":{\"@id\":\"https:\/\/giannidavico.it\/gopiedmont\/#\/schema\/person\/ea1fd17d8f2dba325f3712219efa8f77\"},\"inLanguage\":\"it-IT\",\"potentialAction\":[{\"@type\":\"ReadAction\",\"target\":[\"https:\/\/giannidavico.it\/gopiedmont\/2011\/09\/07\/vija-piemonteisa-a-carmagnola\/\"]}]},{\"@type\":\"WebSite\",\"@id\":\"https:\/\/giannidavico.it\/gopiedmont\/#website\",\"url\":\"https:\/\/giannidavico.it\/gopiedmont\/\",\"name\":\"Go Piedmont\",\"description\":\"pens\u00e9 dzora l\u00ecber, event e p\u00ebrson-e grop\u00e0 al Piemont e a la lenga piemont\u00e8isa\",\"potentialAction\":[{\"@type\":\"SearchAction\",\"target\":{\"@type\":\"EntryPoint\",\"urlTemplate\":\"https:\/\/giannidavico.it\/gopiedmont\/?s={search_term_string}\"},\"query-input\":\"required name=search_term_string\"}],\"inLanguage\":\"it-IT\"},{\"@type\":\"Person\",\"@id\":\"https:\/\/giannidavico.it\/gopiedmont\/#\/schema\/person\/ea1fd17d8f2dba325f3712219efa8f77\",\"name\":\"giannidavico\",\"image\":{\"@type\":\"ImageObject\",\"inLanguage\":\"it-IT\",\"@id\":\"https:\/\/giannidavico.it\/gopiedmont\/#\/schema\/person\/image\/\",\"url\":\"https:\/\/secure.gravatar.com\/avatar\/337748753d882602f3038b55fb369ba1?s=96&d=mm&r=g\",\"contentUrl\":\"https:\/\/secure.gravatar.com\/avatar\/337748753d882602f3038b55fb369ba1?s=96&d=mm&r=g\",\"caption\":\"giannidavico\"},\"url\":\"https:\/\/giannidavico.it\/gopiedmont\/author\/giannidavico\/\"}]}<\/script>\n<!-- \/ Yoast SEO plugin. -->","yoast_head_json":{"title":"Vij\u00e0 piemont\u00e8isa a Carmagn\u00f2la - Go Piedmont","robots":{"index":"index","follow":"follow","max-snippet":"max-snippet:-1","max-image-preview":"max-image-preview:large","max-video-preview":"max-video-preview:-1"},"canonical":"https:\/\/giannidavico.it\/gopiedmont\/2011\/09\/07\/vija-piemonteisa-a-carmagnola\/","og_locale":"it_IT","og_type":"article","og_title":"Vij\u00e0 piemont\u00e8isa a Carmagn\u00f2la - Go Piedmont","og_description":"V\u00ebnner 16 st\u00e8mber a neuv ore \u2018d s\u00e8ira i soma tuti invit\u00e0, da la comun-a \u2018d Carmagn\u00f2la e da l\u2019associassion cultural piemont\u00e8isa Arcancel, a la Vij\u00e0 piemont\u00e8isa \u2018d poes\u00eca e canson popolar. A Carmagnola, ant la sala Antichi Bastioni (an piassa Antichi Bastioni), \u00ebl grup vocal e musical Le vos grise a canta ansema a la gent p\u00ebrch\u00e8, com ch\u2019a diso lor, \u201ccant\u00e9 a f\u00e0 bin al cheur [&#8230;], cant\u00e9 a l&#8217;\u00e9 gi\u00e0 un boneur\u201d. A leseran \u00ebdc\u00f2 poes\u00ece e pr\u00f2se d\u2019autor carmagnol\u00e8is e nen mach: Costa, Mottura, Badalin, Br\u00e9 e via f\u00f2rt.","og_url":"https:\/\/giannidavico.it\/gopiedmont\/2011\/09\/07\/vija-piemonteisa-a-carmagnola\/","og_site_name":"Go Piedmont","article_published_time":"2011-09-07T06:43:59+00:00","og_image":[{"url":"https:\/\/giannidavico.it\/gopiedmont\/files\/2011\/09\/Vija-300x275.jpg"}],"author":"giannidavico","twitter_card":"summary_large_image","twitter_misc":{"Scritto da":"giannidavico","Tempo di lettura stimato":"1 minuto"},"schema":{"@context":"https:\/\/schema.org","@graph":[{"@type":"WebPage","@id":"https:\/\/giannidavico.it\/gopiedmont\/2011\/09\/07\/vija-piemonteisa-a-carmagnola\/","url":"https:\/\/giannidavico.it\/gopiedmont\/2011\/09\/07\/vija-piemonteisa-a-carmagnola\/","name":"Vij\u00e0 piemont\u00e8isa a Carmagn\u00f2la - Go Piedmont","isPartOf":{"@id":"https:\/\/giannidavico.it\/gopiedmont\/#website"},"datePublished":"2011-09-07T06:43:59+00:00","dateModified":"2011-09-07T06:43:59+00:00","author":{"@id":"https:\/\/giannidavico.it\/gopiedmont\/#\/schema\/person\/ea1fd17d8f2dba325f3712219efa8f77"},"inLanguage":"it-IT","potentialAction":[{"@type":"ReadAction","target":["https:\/\/giannidavico.it\/gopiedmont\/2011\/09\/07\/vija-piemonteisa-a-carmagnola\/"]}]},{"@type":"WebSite","@id":"https:\/\/giannidavico.it\/gopiedmont\/#website","url":"https:\/\/giannidavico.it\/gopiedmont\/","name":"Go Piedmont","description":"pens\u00e9 dzora l\u00ecber, event e p\u00ebrson-e grop\u00e0 al Piemont e a la lenga piemont\u00e8isa","potentialAction":[{"@type":"SearchAction","target":{"@type":"EntryPoint","urlTemplate":"https:\/\/giannidavico.it\/gopiedmont\/?s={search_term_string}"},"query-input":"required name=search_term_string"}],"inLanguage":"it-IT"},{"@type":"Person","@id":"https:\/\/giannidavico.it\/gopiedmont\/#\/schema\/person\/ea1fd17d8f2dba325f3712219efa8f77","name":"giannidavico","image":{"@type":"ImageObject","inLanguage":"it-IT","@id":"https:\/\/giannidavico.it\/gopiedmont\/#\/schema\/person\/image\/","url":"https:\/\/secure.gravatar.com\/avatar\/337748753d882602f3038b55fb369ba1?s=96&d=mm&r=g","contentUrl":"https:\/\/secure.gravatar.com\/avatar\/337748753d882602f3038b55fb369ba1?s=96&d=mm&r=g","caption":"giannidavico"},"url":"https:\/\/giannidavico.it\/gopiedmont\/author\/giannidavico\/"}]}},"_links":{"self":[{"href":"https:\/\/giannidavico.it\/gopiedmont\/wp-json\/wp\/v2\/posts\/892"}],"collection":[{"href":"https:\/\/giannidavico.it\/gopiedmont\/wp-json\/wp\/v2\/posts"}],"about":[{"href":"https:\/\/giannidavico.it\/gopiedmont\/wp-json\/wp\/v2\/types\/post"}],"author":[{"embeddable":true,"href":"https:\/\/giannidavico.it\/gopiedmont\/wp-json\/wp\/v2\/users\/4"}],"replies":[{"embeddable":true,"href":"https:\/\/giannidavico.it\/gopiedmont\/wp-json\/wp\/v2\/comments?post=892"}],"version-history":[{"count":2,"href":"https:\/\/giannidavico.it\/gopiedmont\/wp-json\/wp\/v2\/posts\/892\/revisions"}],"predecessor-version":[{"id":895,"href":"https:\/\/giannidavico.it\/gopiedmont\/wp-json\/wp\/v2\/posts\/892\/revisions\/895"}],"wp:attachment":[{"href":"https:\/\/giannidavico.it\/gopiedmont\/wp-json\/wp\/v2\/media?parent=892"}],"wp:term":[{"taxonomy":"category","embeddable":true,"href":"https:\/\/giannidavico.it\/gopiedmont\/wp-json\/wp\/v2\/categories?post=892"},{"taxonomy":"post_tag","embeddable":true,"href":"https:\/\/giannidavico.it\/gopiedmont\/wp-json\/wp\/v2\/tags?post=892"}],"curies":[{"name":"wp","href":"https:\/\/api.w.org\/{rel}","templated":true}]}}