{"id":901,"date":"2011-09-21T17:32:19","date_gmt":"2011-09-21T15:32:19","guid":{"rendered":"https:\/\/giannidavico.it\/staging\/gopiedmont\/?p=901"},"modified":"2011-09-21T17:32:19","modified_gmt":"2011-09-21T15:32:19","slug":"el-piemonteis-lontan-da-ca","status":"publish","type":"post","link":"https:\/\/giannidavico.it\/gopiedmont\/2011\/09\/21\/el-piemonteis-lontan-da-ca\/","title":{"rendered":"\u00cbl piemont\u00e8is lontan da ca"},"content":{"rendered":"<p>Am d\u00e0 un sens particolar scrive, parl\u00e9 d\u00ebl piemont\u00e8is quand ch&#8217;i son lontan da ca. Ancora &#8216;d p\u00ec ancheuj, da n&#8217;Autogrill an mes a l&#8217;Italia, tornand da na vacansa\/travaj.<\/p>\n<p>L\u00f2n ch&#8217;a l&#8217;\u00e9 &#8216;l piemont\u00e8is s&#8217;it l&#8217;has gnun da parlelo ansema? Am ven an ment Clivio bonanima:<\/p>\n<blockquote><p>Fin ch\u2019i vivo i l\u2019avrai da parleje piemont\u00e8is a qualchedun.<\/p><\/blockquote>\n<p>Bin, boneur che a ca a-i \u00e9 na famija pronta a pens\u00e9 con mi an piemont\u00e8is. And\u00e9 f\u00f2ra a l&#8217;\u00e9 bel p\u00ebrch\u00e8 a-i son j&#8217;artorn.<\/p>\n<p>E coste doe righe scrite an pressa a son an tute le manere na canson d&#8217;amor p\u00ebr mia lenga, p\u00ebr mia p\u00f2vra lenga piemont\u00e8isa.<\/p>\n","protected":false},"excerpt":{"rendered":"<p>Am d\u00e0 un sens particolar scrive, parl\u00e9 d\u00ebl piemont\u00e8is quand ch&#8217;i son lontan da ca. Ancora &#8216;d p\u00ec ancheuj, da n&#8217;Autogrill an mes a l&#8217;Italia, tornand da na vacansa\/travaj.<\/p>\n<p>L\u00f2n ch&#8217;a l&#8217;\u00e9 &#8216;l piemont\u00e8is s&#8217;it l&#8217;has gnun da parlelo ansema? Am ven an ment Clivio bonanima:<\/p>\n<p>Fin ch\u2019i vivo i l\u2019avrai da parleje piemont\u00e8is a qualchedun.<\/p>\n<p>Bin, boneur che a ca a-i \u00e9 na famija pronta a pens\u00e9 con mi an piemont\u00e8is. And\u00e9 f\u00f2ra a l&#8217;\u00e9 bel p\u00ebrch\u00e8 a-i son j&#8217;artorn.<\/p>\n<p>E coste doe righe scrite an pressa a son an tute le manere na canson d&#8217;amor p\u00ebr mia lenga, p\u00ebr mia p\u00f2vra lenga piemont\u00e8isa.<\/p>\n","protected":false},"author":4,"featured_media":0,"comment_status":"open","ping_status":"open","sticky":false,"template":"","format":"standard","meta":[],"categories":[130],"tags":[124,107],"yoast_head":"<!-- This site is optimized with the Yoast SEO plugin v19.14 - https:\/\/yoast.com\/wordpress\/plugins\/seo\/ -->\n<title>\u00cbl piemont\u00e8is lontan da ca - Go Piedmont<\/title>\n<meta name=\"robots\" content=\"index, follow, max-snippet:-1, max-image-preview:large, max-video-preview:-1\" \/>\n<link rel=\"canonical\" href=\"https:\/\/giannidavico.it\/gopiedmont\/2011\/09\/21\/el-piemonteis-lontan-da-ca\/\" \/>\n<meta property=\"og:locale\" content=\"it_IT\" \/>\n<meta property=\"og:type\" content=\"article\" \/>\n<meta property=\"og:title\" content=\"\u00cbl piemont\u00e8is lontan da ca - Go Piedmont\" \/>\n<meta property=\"og:description\" content=\"Am d\u00e0 un sens particolar scrive, parl\u00e9 d\u00ebl piemont\u00e8is quand ch&#8217;i son lontan da ca. Ancora &#8216;d p\u00ec ancheuj, da n&#8217;Autogrill an mes a l&#8217;Italia, tornand da na vacansa\/travaj. L\u00f2n ch&#8217;a l&#8217;\u00e9 &#8216;l piemont\u00e8is s&#8217;it l&#8217;has gnun da parlelo ansema? Am ven an ment Clivio bonanima: Fin ch\u2019i vivo i l\u2019avrai da parleje piemont\u00e8is a qualchedun. Bin, boneur che a ca a-i \u00e9 na famija pronta a pens\u00e9 con mi an piemont\u00e8is. And\u00e9 f\u00f2ra a l&#8217;\u00e9 bel p\u00ebrch\u00e8 a-i son j&#8217;artorn. E coste doe righe scrite an pressa a son an tute le manere na canson d&#8217;amor p\u00ebr mia lenga, p\u00ebr mia p\u00f2vra lenga piemont\u00e8isa.\" \/>\n<meta property=\"og:url\" content=\"https:\/\/giannidavico.it\/gopiedmont\/2011\/09\/21\/el-piemonteis-lontan-da-ca\/\" \/>\n<meta property=\"og:site_name\" content=\"Go Piedmont\" \/>\n<meta property=\"article:published_time\" content=\"2011-09-21T15:32:19+00:00\" \/>\n<meta name=\"author\" content=\"giannidavico\" \/>\n<meta name=\"twitter:card\" content=\"summary_large_image\" \/>\n<meta name=\"twitter:label1\" content=\"Scritto da\" \/>\n\t<meta name=\"twitter:data1\" content=\"giannidavico\" \/>\n\t<meta name=\"twitter:label2\" content=\"Tempo di lettura stimato\" \/>\n\t<meta name=\"twitter:data2\" content=\"1 minuto\" \/>\n<script type=\"application\/ld+json\" class=\"yoast-schema-graph\">{\"@context\":\"https:\/\/schema.org\",\"@graph\":[{\"@type\":\"WebPage\",\"@id\":\"https:\/\/giannidavico.it\/gopiedmont\/2011\/09\/21\/el-piemonteis-lontan-da-ca\/\",\"url\":\"https:\/\/giannidavico.it\/gopiedmont\/2011\/09\/21\/el-piemonteis-lontan-da-ca\/\",\"name\":\"\u00cbl piemont\u00e8is lontan da ca - Go Piedmont\",\"isPartOf\":{\"@id\":\"https:\/\/giannidavico.it\/gopiedmont\/#website\"},\"datePublished\":\"2011-09-21T15:32:19+00:00\",\"dateModified\":\"2011-09-21T15:32:19+00:00\",\"author\":{\"@id\":\"https:\/\/giannidavico.it\/gopiedmont\/#\/schema\/person\/ea1fd17d8f2dba325f3712219efa8f77\"},\"inLanguage\":\"it-IT\",\"potentialAction\":[{\"@type\":\"ReadAction\",\"target\":[\"https:\/\/giannidavico.it\/gopiedmont\/2011\/09\/21\/el-piemonteis-lontan-da-ca\/\"]}]},{\"@type\":\"WebSite\",\"@id\":\"https:\/\/giannidavico.it\/gopiedmont\/#website\",\"url\":\"https:\/\/giannidavico.it\/gopiedmont\/\",\"name\":\"Go Piedmont\",\"description\":\"pens\u00e9 dzora l\u00ecber, event e p\u00ebrson-e grop\u00e0 al Piemont e a la lenga piemont\u00e8isa\",\"potentialAction\":[{\"@type\":\"SearchAction\",\"target\":{\"@type\":\"EntryPoint\",\"urlTemplate\":\"https:\/\/giannidavico.it\/gopiedmont\/?s={search_term_string}\"},\"query-input\":\"required name=search_term_string\"}],\"inLanguage\":\"it-IT\"},{\"@type\":\"Person\",\"@id\":\"https:\/\/giannidavico.it\/gopiedmont\/#\/schema\/person\/ea1fd17d8f2dba325f3712219efa8f77\",\"name\":\"giannidavico\",\"image\":{\"@type\":\"ImageObject\",\"inLanguage\":\"it-IT\",\"@id\":\"https:\/\/giannidavico.it\/gopiedmont\/#\/schema\/person\/image\/\",\"url\":\"https:\/\/secure.gravatar.com\/avatar\/337748753d882602f3038b55fb369ba1?s=96&d=mm&r=g\",\"contentUrl\":\"https:\/\/secure.gravatar.com\/avatar\/337748753d882602f3038b55fb369ba1?s=96&d=mm&r=g\",\"caption\":\"giannidavico\"},\"url\":\"https:\/\/giannidavico.it\/gopiedmont\/author\/giannidavico\/\"}]}<\/script>\n<!-- \/ Yoast SEO plugin. -->","yoast_head_json":{"title":"\u00cbl piemont\u00e8is lontan da ca - Go Piedmont","robots":{"index":"index","follow":"follow","max-snippet":"max-snippet:-1","max-image-preview":"max-image-preview:large","max-video-preview":"max-video-preview:-1"},"canonical":"https:\/\/giannidavico.it\/gopiedmont\/2011\/09\/21\/el-piemonteis-lontan-da-ca\/","og_locale":"it_IT","og_type":"article","og_title":"\u00cbl piemont\u00e8is lontan da ca - Go Piedmont","og_description":"Am d\u00e0 un sens particolar scrive, parl\u00e9 d\u00ebl piemont\u00e8is quand ch&#8217;i son lontan da ca. Ancora &#8216;d p\u00ec ancheuj, da n&#8217;Autogrill an mes a l&#8217;Italia, tornand da na vacansa\/travaj. L\u00f2n ch&#8217;a l&#8217;\u00e9 &#8216;l piemont\u00e8is s&#8217;it l&#8217;has gnun da parlelo ansema? Am ven an ment Clivio bonanima: Fin ch\u2019i vivo i l\u2019avrai da parleje piemont\u00e8is a qualchedun. Bin, boneur che a ca a-i \u00e9 na famija pronta a pens\u00e9 con mi an piemont\u00e8is. And\u00e9 f\u00f2ra a l&#8217;\u00e9 bel p\u00ebrch\u00e8 a-i son j&#8217;artorn. E coste doe righe scrite an pressa a son an tute le manere na canson d&#8217;amor p\u00ebr mia lenga, p\u00ebr mia p\u00f2vra lenga piemont\u00e8isa.","og_url":"https:\/\/giannidavico.it\/gopiedmont\/2011\/09\/21\/el-piemonteis-lontan-da-ca\/","og_site_name":"Go Piedmont","article_published_time":"2011-09-21T15:32:19+00:00","author":"giannidavico","twitter_card":"summary_large_image","twitter_misc":{"Scritto da":"giannidavico","Tempo di lettura stimato":"1 minuto"},"schema":{"@context":"https:\/\/schema.org","@graph":[{"@type":"WebPage","@id":"https:\/\/giannidavico.it\/gopiedmont\/2011\/09\/21\/el-piemonteis-lontan-da-ca\/","url":"https:\/\/giannidavico.it\/gopiedmont\/2011\/09\/21\/el-piemonteis-lontan-da-ca\/","name":"\u00cbl piemont\u00e8is lontan da ca - Go Piedmont","isPartOf":{"@id":"https:\/\/giannidavico.it\/gopiedmont\/#website"},"datePublished":"2011-09-21T15:32:19+00:00","dateModified":"2011-09-21T15:32:19+00:00","author":{"@id":"https:\/\/giannidavico.it\/gopiedmont\/#\/schema\/person\/ea1fd17d8f2dba325f3712219efa8f77"},"inLanguage":"it-IT","potentialAction":[{"@type":"ReadAction","target":["https:\/\/giannidavico.it\/gopiedmont\/2011\/09\/21\/el-piemonteis-lontan-da-ca\/"]}]},{"@type":"WebSite","@id":"https:\/\/giannidavico.it\/gopiedmont\/#website","url":"https:\/\/giannidavico.it\/gopiedmont\/","name":"Go Piedmont","description":"pens\u00e9 dzora l\u00ecber, event e p\u00ebrson-e grop\u00e0 al Piemont e a la lenga piemont\u00e8isa","potentialAction":[{"@type":"SearchAction","target":{"@type":"EntryPoint","urlTemplate":"https:\/\/giannidavico.it\/gopiedmont\/?s={search_term_string}"},"query-input":"required name=search_term_string"}],"inLanguage":"it-IT"},{"@type":"Person","@id":"https:\/\/giannidavico.it\/gopiedmont\/#\/schema\/person\/ea1fd17d8f2dba325f3712219efa8f77","name":"giannidavico","image":{"@type":"ImageObject","inLanguage":"it-IT","@id":"https:\/\/giannidavico.it\/gopiedmont\/#\/schema\/person\/image\/","url":"https:\/\/secure.gravatar.com\/avatar\/337748753d882602f3038b55fb369ba1?s=96&d=mm&r=g","contentUrl":"https:\/\/secure.gravatar.com\/avatar\/337748753d882602f3038b55fb369ba1?s=96&d=mm&r=g","caption":"giannidavico"},"url":"https:\/\/giannidavico.it\/gopiedmont\/author\/giannidavico\/"}]}},"_links":{"self":[{"href":"https:\/\/giannidavico.it\/gopiedmont\/wp-json\/wp\/v2\/posts\/901"}],"collection":[{"href":"https:\/\/giannidavico.it\/gopiedmont\/wp-json\/wp\/v2\/posts"}],"about":[{"href":"https:\/\/giannidavico.it\/gopiedmont\/wp-json\/wp\/v2\/types\/post"}],"author":[{"embeddable":true,"href":"https:\/\/giannidavico.it\/gopiedmont\/wp-json\/wp\/v2\/users\/4"}],"replies":[{"embeddable":true,"href":"https:\/\/giannidavico.it\/gopiedmont\/wp-json\/wp\/v2\/comments?post=901"}],"version-history":[{"count":2,"href":"https:\/\/giannidavico.it\/gopiedmont\/wp-json\/wp\/v2\/posts\/901\/revisions"}],"predecessor-version":[{"id":903,"href":"https:\/\/giannidavico.it\/gopiedmont\/wp-json\/wp\/v2\/posts\/901\/revisions\/903"}],"wp:attachment":[{"href":"https:\/\/giannidavico.it\/gopiedmont\/wp-json\/wp\/v2\/media?parent=901"}],"wp:term":[{"taxonomy":"category","embeddable":true,"href":"https:\/\/giannidavico.it\/gopiedmont\/wp-json\/wp\/v2\/categories?post=901"},{"taxonomy":"post_tag","embeddable":true,"href":"https:\/\/giannidavico.it\/gopiedmont\/wp-json\/wp\/v2\/tags?post=901"}],"curies":[{"name":"wp","href":"https:\/\/api.w.org\/{rel}","templated":true}]}}