{"id":953,"date":"2011-11-02T17:34:05","date_gmt":"2011-11-02T15:34:05","guid":{"rendered":"https:\/\/giannidavico.it\/staging\/gopiedmont\/?p=953"},"modified":"2011-11-02T17:34:05","modified_gmt":"2011-11-02T15:34:05","slug":"rescontr-ed-versej-%e2%80%93-un-pense-d-sergi-garuss","status":"publish","type":"post","link":"https:\/\/giannidavico.it\/gopiedmont\/2011\/11\/02\/rescontr-ed-versej-%e2%80%93-un-pense-d-sergi-garuss\/","title":{"rendered":"R\u00ebscontr \u00ebd V\u00ebrsej \u2013 un pens\u00e9 &#8216;d Sergi Garuss"},"content":{"rendered":"<p>Andoma anans con ij coment dzora &#8216;l <a href=\"https:\/\/giannidavico.it\/gopiedmont\/2011\/10\/05\/la-grafia-dla-lenga-piemonteisa-arlongh-ij-secoj\/\" title=\"La graf\u00eca dla lenga piemont\u00e8isa arlongh ij s\u00e9coj\">r\u00ebscontr an sla graf\u00eca dla lenga piemont\u00e8isa arlongh ij s\u00e9coj<\/a>: ancheuj i lesoma l&#8217;opinion \u00ebd Sergi Garuss.<\/p>\n<p>&#8212;<\/p>\n<p>Mi i son un profan, dal moment ch&#8217;a basto nen 10 cr\u00e9dit universitari &#8216;d lengh\u00ecstica general e atu\u00ebrtanti &#8216;d filolog\u00eca romanza pr&#8217;artense n&#8217;espert. E da profan i l&#8217;heu pod\u00f9 cap\u00ec n&#8217;af\u00e9 basilar. A l&#8217;\u00e9 v\u00e8j che ognidun a l&#8217;ha s\u00e8mper \u00ebscriv\u00f9 an piemont\u00e8is un p\u00f2ch &#8216;me ch&#8217;a-j \u00ebvniva, ma fin-a dai test d\u00ebl &#8216;300 as peul percepisse con evidensa na serta coerensa &#8216;d fond ansima a doi piv\u00f2: la &#8220;o&#8221; ch&#8217;as les \/u\/ e la &#8220;u&#8221; ch&#8217;as les \/y\/.<\/p>\n<p>La graf\u00eca Pac\u00f2t-Viglongh a peul av\u00e8j t\u00f9it ij difet d\u00ebl mond, ma as peul pr\u00f2pi nen sosten-e ch&#8217;a contraven-a a sti doi piv\u00f2. An cost sens e p\u00ebr via &#8216;d costa coerensa as peul pro definisse &#8220;st\u00f2rica&#8221;. P\u00ebrch\u00e8 a rispeta s\u00e9coj \u00ebd piemont\u00e8is \u00ebscrit, che anvece j&#8217;\u00e0utri (p\u00ebr ignoransa dle c\u00f2se o bele an fasendlo spress) a campo ant l&#8217;armenta.<\/p>\n<p>Se noi is butoma a scrive &#8216;l piemont\u00e8is &#8220;a l&#8217;italian-a&#8221;, is butoma ant le condission d&#8217;esse p\u00ec nen bon a lese e a ant\u00ebrpret\u00e9 n\u00f2stra st\u00f2ria dla literatura. Che tuti a &#8216;l l&#8217;abio ben ci\u00e0ir.<\/p>\n<p>La motivassion an favor \u00ebd la graf\u00eca &#8220;a l&#8217;italian-a&#8221; a l&#8217;\u00e9 ch&#8217;a l&#8217;\u00e9 p\u00ec belf\u00e9 da amprende p\u00ebr tuti noj\u00e0utri ch&#8217;i soma st\u00e0it alfabetis\u00e0 (mach) an italian. Rason relativa, a res nen d\u00ebdnans a la realt\u00e0. Pr&#8217;esempi, a l&#8217;\u00e9 motoben dif\u00eccil \u00ebscrive giust an frans\u00e8is o an angl\u00e8is, ma tuti, compr\u00e8is ij grand, i dventoma bon a felo aplicandse e studianda &#8216;n p\u00f2ch. An p\u00ec, l&#8217;esperiensa d\u00ebl piemont\u00e8is a sc\u00f2la an mostra che la graf\u00eca a l&#8217;\u00e8 &#8216;n problema f\u00e0uss. O mej, a l&#8217;\u00e9 nen un problema.<\/p>\n<p>A V\u00ebrs\u00e8j a l&#8217;\u00e9 cribiasse la part &#8220;sient\u00ecfica&#8221; dla question graf\u00eca. A son \u00ebsmonusse tuti ij document e le testimonianse st\u00f2riche ch&#8217;a-i \u00e9 al moment. Adess a venta deje &#8216;d s\u00e9ghit, an durbend la part &#8220;pol\u00ectica&#8221;: and\u00e9 a ant\u00ebrpel\u00e9 tuti ij sostnidor \u00ebd graf\u00ece alternative, e fin-a chi ch&#8217;a fortiss l&#8217;anarch\u00eca gr\u00e0fica d\u00ebl &#8220;dialet&#8221;, ch&#8217;a-i \u00e9 an s&#8217;tut \u00ebl terit\u00f2ri, bariera dialetal compr\u00e8isa, p\u00ebr ch&#8217;a dago ant l&#8217;ocasion d&#8217;un convegn (i podr\u00eco ciamelo &#8220;V\u00ebrs\u00e8j 2&#8221;) le rason e le preuve ch&#8217;a giust\u00ecfico soe teor\u00ece. Peui vard\u00e9 s&#8217;a passo &#8216;l vaj. Con s\u00f2n, coms\u00ebss\u00eca, che peui d\u00f2p ognidun a s\u00e9ghita pura a f\u00e9 &#8216;me ch&#8217;a veul: a-i \u00e9 gnun \u00f2bligh da ampon-e, mach da dimostr\u00e9 na vira p\u00ebr tute, carte an man, chi ch&#8217;a l&#8217;ha decid\u00f9 d&#8217;and\u00e9 a campesse ant un cul \u00ebd sach. E, p\u00ebr incis, j&#8217;assent a l&#8217;avran t\u00f2rt \u00ebd sicur.<\/p>\n<p>Ancora compliment p\u00ebr la qualit\u00e0 sient\u00ecfica d\u00ebl convegn.<\/p>\n<p>Al\u00e9gher!<\/p>\n<p>Sergi Garuss<\/p>\n","protected":false},"excerpt":{"rendered":"<p>Andoma anans con ij coment dzora &#8216;l <a href=\"https:\/\/giannidavico.it\/gopiedmont\/2011\/10\/05\/la-grafia-dla-lenga-piemonteisa-arlongh-ij-secoj\/\" title=\"La graf\u00eca dla lenga piemont\u00e8isa arlongh ij s\u00e9coj\">r\u00ebscontr an sla graf\u00eca dla lenga piemont\u00e8isa arlongh ij s\u00e9coj<\/a>: ancheuj i lesoma l&#8217;opinion \u00ebd Sergi Garuss.<\/p>\n<p>&#8212;<\/p>\n<p>Mi i son un profan, dal moment ch&#8217;a basto nen 10 cr\u00e9dit universitari &#8216;d lengh\u00ecstica general e atu\u00ebrtanti &#8216;d filolog\u00eca romanza pr&#8217;artense n&#8217;espert. E da profan i l&#8217;heu pod\u00f9 cap\u00ec n&#8217;af\u00e9 basilar. A l&#8217;\u00e9 v\u00e8j che ognidun a l&#8217;ha s\u00e8mper \u00ebscriv\u00f9 an piemont\u00e8is un p\u00f2ch &#8216;me ch&#8217;a-j \u00ebvniva, ma fin-a dai test d\u00ebl &#8216;300 as peul percepisse con evidensa na serta coerensa &#8216;d fond ansima a doi piv\u00f2: la &#8220;o&#8221; ch&#8217;as les \/u\/ e la &#8220;u&#8221; ch&#8217;as les \/y\/.<\/p>\n<p>La graf\u00eca Pac\u00f2t-Viglongh a peul av\u00e8j t\u00f9it ij difet d\u00ebl mond, ma as peul pr\u00f2pi nen sosten-e ch&#8217;a contraven-a a sti doi piv\u00f2. An cost sens e p\u00ebr via &#8216;d costa coerensa as peul pro definisse &#8220;st\u00f2rica&#8221;. P\u00ebrch\u00e8 a rispeta s\u00e9coj \u00ebd piemont\u00e8is \u00ebscrit, che anvece j&#8217;\u00e0utri (p\u00ebr ignoransa dle c\u00f2se o bele an fasendlo spress) a campo ant l&#8217;armenta.<\/p>\n<p>Se noi is butoma a scrive &#8216;l piemont\u00e8is &#8220;a l&#8217;italian-a&#8221;, is butoma ant le condission d&#8217;esse p\u00ec nen bon a lese e a ant\u00ebrpret\u00e9 n\u00f2stra st\u00f2ria dla [\u2026] <a class=\"moretag\" href=\"https:\/\/giannidavico.it\/gopiedmont\/2011\/11\/02\/rescontr-ed-versej-%e2%80%93-un-pense-d-sergi-garuss\/\">continua a leggere \u00bb<\/a><\/p>\n","protected":false},"author":4,"featured_media":0,"comment_status":"open","ping_status":"open","sticky":false,"template":"","format":"standard","meta":[],"categories":[130],"tags":[131],"yoast_head":"<!-- This site is optimized with the Yoast SEO plugin v19.14 - https:\/\/yoast.com\/wordpress\/plugins\/seo\/ -->\n<title>R\u00ebscontr \u00ebd V\u00ebrsej \u2013 un pens\u00e9 &#039;d Sergi Garuss - Go Piedmont<\/title>\n<meta name=\"robots\" content=\"index, follow, max-snippet:-1, max-image-preview:large, max-video-preview:-1\" \/>\n<link rel=\"canonical\" href=\"https:\/\/giannidavico.it\/gopiedmont\/2011\/11\/02\/rescontr-ed-versej-\u2013-un-pense-d-sergi-garuss\/\" \/>\n<meta property=\"og:locale\" content=\"it_IT\" \/>\n<meta property=\"og:type\" content=\"article\" \/>\n<meta property=\"og:title\" content=\"R\u00ebscontr \u00ebd V\u00ebrsej \u2013 un pens\u00e9 &#039;d Sergi Garuss - Go Piedmont\" \/>\n<meta property=\"og:description\" content=\"Andoma anans con ij coment dzora &#8216;l r\u00ebscontr an sla graf\u00eca dla lenga piemont\u00e8isa arlongh ij s\u00e9coj: ancheuj i lesoma l&#8217;opinion \u00ebd Sergi Garuss. &#8212; Mi i son un profan, dal moment ch&#8217;a basto nen 10 cr\u00e9dit universitari &#8216;d lengh\u00ecstica general e atu\u00ebrtanti &#8216;d filolog\u00eca romanza pr&#8217;artense n&#8217;espert. E da profan i l&#8217;heu pod\u00f9 cap\u00ec n&#8217;af\u00e9 basilar. A l&#8217;\u00e9 v\u00e8j che ognidun a l&#8217;ha s\u00e8mper \u00ebscriv\u00f9 an piemont\u00e8is un p\u00f2ch &#8216;me ch&#8217;a-j \u00ebvniva, ma fin-a dai test d\u00ebl &#8216;300 as peul percepisse con evidensa na serta coerensa &#8216;d fond ansima a doi piv\u00f2: la &#8220;o&#8221; ch&#8217;as les \/u\/ e la &#8220;u&#8221; ch&#8217;as les \/y\/. La graf\u00eca Pac\u00f2t-Viglongh a peul av\u00e8j t\u00f9it ij difet d\u00ebl mond, ma as peul pr\u00f2pi nen sosten-e ch&#8217;a contraven-a a sti doi piv\u00f2. An cost sens e p\u00ebr via &#8216;d costa coerensa as peul pro definisse &#8220;st\u00f2rica&#8221;. P\u00ebrch\u00e8 a rispeta s\u00e9coj \u00ebd piemont\u00e8is \u00ebscrit, che anvece j&#8217;\u00e0utri (p\u00ebr ignoransa dle c\u00f2se o bele an fasendlo spress) a campo ant l&#8217;armenta. Se noi is butoma a scrive &#8216;l piemont\u00e8is &#8220;a l&#8217;italian-a&#8221;, is butoma ant le condission d&#8217;esse p\u00ec nen bon a lese e a ant\u00ebrpret\u00e9 n\u00f2stra st\u00f2ria dla [\u2026] continua a leggere \u00bb\" \/>\n<meta property=\"og:url\" content=\"https:\/\/giannidavico.it\/gopiedmont\/2011\/11\/02\/rescontr-ed-versej-\u2013-un-pense-d-sergi-garuss\/\" \/>\n<meta property=\"og:site_name\" content=\"Go Piedmont\" \/>\n<meta property=\"article:published_time\" content=\"2011-11-02T15:34:05+00:00\" \/>\n<meta name=\"author\" content=\"giannidavico\" \/>\n<meta name=\"twitter:card\" content=\"summary_large_image\" \/>\n<meta name=\"twitter:label1\" content=\"Scritto da\" \/>\n\t<meta name=\"twitter:data1\" content=\"giannidavico\" \/>\n\t<meta name=\"twitter:label2\" content=\"Tempo di lettura stimato\" \/>\n\t<meta name=\"twitter:data2\" content=\"3 minuti\" \/>\n<script type=\"application\/ld+json\" class=\"yoast-schema-graph\">{\"@context\":\"https:\/\/schema.org\",\"@graph\":[{\"@type\":\"WebPage\",\"@id\":\"https:\/\/giannidavico.it\/gopiedmont\/2011\/11\/02\/rescontr-ed-versej-%e2%80%93-un-pense-d-sergi-garuss\/\",\"url\":\"https:\/\/giannidavico.it\/gopiedmont\/2011\/11\/02\/rescontr-ed-versej-%e2%80%93-un-pense-d-sergi-garuss\/\",\"name\":\"R\u00ebscontr \u00ebd V\u00ebrsej \u2013 un pens\u00e9 'd Sergi Garuss - Go Piedmont\",\"isPartOf\":{\"@id\":\"https:\/\/giannidavico.it\/gopiedmont\/#website\"},\"datePublished\":\"2011-11-02T15:34:05+00:00\",\"dateModified\":\"2011-11-02T15:34:05+00:00\",\"author\":{\"@id\":\"https:\/\/giannidavico.it\/gopiedmont\/#\/schema\/person\/ea1fd17d8f2dba325f3712219efa8f77\"},\"inLanguage\":\"it-IT\",\"potentialAction\":[{\"@type\":\"ReadAction\",\"target\":[\"https:\/\/giannidavico.it\/gopiedmont\/2011\/11\/02\/rescontr-ed-versej-%e2%80%93-un-pense-d-sergi-garuss\/\"]}]},{\"@type\":\"WebSite\",\"@id\":\"https:\/\/giannidavico.it\/gopiedmont\/#website\",\"url\":\"https:\/\/giannidavico.it\/gopiedmont\/\",\"name\":\"Go Piedmont\",\"description\":\"pens\u00e9 dzora l\u00ecber, event e p\u00ebrson-e grop\u00e0 al Piemont e a la lenga piemont\u00e8isa\",\"potentialAction\":[{\"@type\":\"SearchAction\",\"target\":{\"@type\":\"EntryPoint\",\"urlTemplate\":\"https:\/\/giannidavico.it\/gopiedmont\/?s={search_term_string}\"},\"query-input\":\"required name=search_term_string\"}],\"inLanguage\":\"it-IT\"},{\"@type\":\"Person\",\"@id\":\"https:\/\/giannidavico.it\/gopiedmont\/#\/schema\/person\/ea1fd17d8f2dba325f3712219efa8f77\",\"name\":\"giannidavico\",\"image\":{\"@type\":\"ImageObject\",\"inLanguage\":\"it-IT\",\"@id\":\"https:\/\/giannidavico.it\/gopiedmont\/#\/schema\/person\/image\/\",\"url\":\"https:\/\/secure.gravatar.com\/avatar\/337748753d882602f3038b55fb369ba1?s=96&d=mm&r=g\",\"contentUrl\":\"https:\/\/secure.gravatar.com\/avatar\/337748753d882602f3038b55fb369ba1?s=96&d=mm&r=g\",\"caption\":\"giannidavico\"},\"url\":\"https:\/\/giannidavico.it\/gopiedmont\/author\/giannidavico\/\"}]}<\/script>\n<!-- \/ Yoast SEO plugin. -->","yoast_head_json":{"title":"R\u00ebscontr \u00ebd V\u00ebrsej \u2013 un pens\u00e9 'd Sergi Garuss - Go Piedmont","robots":{"index":"index","follow":"follow","max-snippet":"max-snippet:-1","max-image-preview":"max-image-preview:large","max-video-preview":"max-video-preview:-1"},"canonical":"https:\/\/giannidavico.it\/gopiedmont\/2011\/11\/02\/rescontr-ed-versej-\u2013-un-pense-d-sergi-garuss\/","og_locale":"it_IT","og_type":"article","og_title":"R\u00ebscontr \u00ebd V\u00ebrsej \u2013 un pens\u00e9 'd Sergi Garuss - Go Piedmont","og_description":"Andoma anans con ij coment dzora &#8216;l r\u00ebscontr an sla graf\u00eca dla lenga piemont\u00e8isa arlongh ij s\u00e9coj: ancheuj i lesoma l&#8217;opinion \u00ebd Sergi Garuss. &#8212; Mi i son un profan, dal moment ch&#8217;a basto nen 10 cr\u00e9dit universitari &#8216;d lengh\u00ecstica general e atu\u00ebrtanti &#8216;d filolog\u00eca romanza pr&#8217;artense n&#8217;espert. E da profan i l&#8217;heu pod\u00f9 cap\u00ec n&#8217;af\u00e9 basilar. A l&#8217;\u00e9 v\u00e8j che ognidun a l&#8217;ha s\u00e8mper \u00ebscriv\u00f9 an piemont\u00e8is un p\u00f2ch &#8216;me ch&#8217;a-j \u00ebvniva, ma fin-a dai test d\u00ebl &#8216;300 as peul percepisse con evidensa na serta coerensa &#8216;d fond ansima a doi piv\u00f2: la &#8220;o&#8221; ch&#8217;as les \/u\/ e la &#8220;u&#8221; ch&#8217;as les \/y\/. La graf\u00eca Pac\u00f2t-Viglongh a peul av\u00e8j t\u00f9it ij difet d\u00ebl mond, ma as peul pr\u00f2pi nen sosten-e ch&#8217;a contraven-a a sti doi piv\u00f2. An cost sens e p\u00ebr via &#8216;d costa coerensa as peul pro definisse &#8220;st\u00f2rica&#8221;. P\u00ebrch\u00e8 a rispeta s\u00e9coj \u00ebd piemont\u00e8is \u00ebscrit, che anvece j&#8217;\u00e0utri (p\u00ebr ignoransa dle c\u00f2se o bele an fasendlo spress) a campo ant l&#8217;armenta. Se noi is butoma a scrive &#8216;l piemont\u00e8is &#8220;a l&#8217;italian-a&#8221;, is butoma ant le condission d&#8217;esse p\u00ec nen bon a lese e a ant\u00ebrpret\u00e9 n\u00f2stra st\u00f2ria dla [\u2026] continua a leggere \u00bb","og_url":"https:\/\/giannidavico.it\/gopiedmont\/2011\/11\/02\/rescontr-ed-versej-\u2013-un-pense-d-sergi-garuss\/","og_site_name":"Go Piedmont","article_published_time":"2011-11-02T15:34:05+00:00","author":"giannidavico","twitter_card":"summary_large_image","twitter_misc":{"Scritto da":"giannidavico","Tempo di lettura stimato":"3 minuti"},"schema":{"@context":"https:\/\/schema.org","@graph":[{"@type":"WebPage","@id":"https:\/\/giannidavico.it\/gopiedmont\/2011\/11\/02\/rescontr-ed-versej-%e2%80%93-un-pense-d-sergi-garuss\/","url":"https:\/\/giannidavico.it\/gopiedmont\/2011\/11\/02\/rescontr-ed-versej-%e2%80%93-un-pense-d-sergi-garuss\/","name":"R\u00ebscontr \u00ebd V\u00ebrsej \u2013 un pens\u00e9 'd Sergi Garuss - Go Piedmont","isPartOf":{"@id":"https:\/\/giannidavico.it\/gopiedmont\/#website"},"datePublished":"2011-11-02T15:34:05+00:00","dateModified":"2011-11-02T15:34:05+00:00","author":{"@id":"https:\/\/giannidavico.it\/gopiedmont\/#\/schema\/person\/ea1fd17d8f2dba325f3712219efa8f77"},"inLanguage":"it-IT","potentialAction":[{"@type":"ReadAction","target":["https:\/\/giannidavico.it\/gopiedmont\/2011\/11\/02\/rescontr-ed-versej-%e2%80%93-un-pense-d-sergi-garuss\/"]}]},{"@type":"WebSite","@id":"https:\/\/giannidavico.it\/gopiedmont\/#website","url":"https:\/\/giannidavico.it\/gopiedmont\/","name":"Go Piedmont","description":"pens\u00e9 dzora l\u00ecber, event e p\u00ebrson-e grop\u00e0 al Piemont e a la lenga piemont\u00e8isa","potentialAction":[{"@type":"SearchAction","target":{"@type":"EntryPoint","urlTemplate":"https:\/\/giannidavico.it\/gopiedmont\/?s={search_term_string}"},"query-input":"required name=search_term_string"}],"inLanguage":"it-IT"},{"@type":"Person","@id":"https:\/\/giannidavico.it\/gopiedmont\/#\/schema\/person\/ea1fd17d8f2dba325f3712219efa8f77","name":"giannidavico","image":{"@type":"ImageObject","inLanguage":"it-IT","@id":"https:\/\/giannidavico.it\/gopiedmont\/#\/schema\/person\/image\/","url":"https:\/\/secure.gravatar.com\/avatar\/337748753d882602f3038b55fb369ba1?s=96&d=mm&r=g","contentUrl":"https:\/\/secure.gravatar.com\/avatar\/337748753d882602f3038b55fb369ba1?s=96&d=mm&r=g","caption":"giannidavico"},"url":"https:\/\/giannidavico.it\/gopiedmont\/author\/giannidavico\/"}]}},"_links":{"self":[{"href":"https:\/\/giannidavico.it\/gopiedmont\/wp-json\/wp\/v2\/posts\/953"}],"collection":[{"href":"https:\/\/giannidavico.it\/gopiedmont\/wp-json\/wp\/v2\/posts"}],"about":[{"href":"https:\/\/giannidavico.it\/gopiedmont\/wp-json\/wp\/v2\/types\/post"}],"author":[{"embeddable":true,"href":"https:\/\/giannidavico.it\/gopiedmont\/wp-json\/wp\/v2\/users\/4"}],"replies":[{"embeddable":true,"href":"https:\/\/giannidavico.it\/gopiedmont\/wp-json\/wp\/v2\/comments?post=953"}],"version-history":[{"count":3,"href":"https:\/\/giannidavico.it\/gopiedmont\/wp-json\/wp\/v2\/posts\/953\/revisions"}],"predecessor-version":[{"id":956,"href":"https:\/\/giannidavico.it\/gopiedmont\/wp-json\/wp\/v2\/posts\/953\/revisions\/956"}],"wp:attachment":[{"href":"https:\/\/giannidavico.it\/gopiedmont\/wp-json\/wp\/v2\/media?parent=953"}],"wp:term":[{"taxonomy":"category","embeddable":true,"href":"https:\/\/giannidavico.it\/gopiedmont\/wp-json\/wp\/v2\/categories?post=953"},{"taxonomy":"post_tag","embeddable":true,"href":"https:\/\/giannidavico.it\/gopiedmont\/wp-json\/wp\/v2\/tags?post=953"}],"curies":[{"name":"wp","href":"https:\/\/api.w.org\/{rel}","templated":true}]}}