{"id":959,"date":"2011-11-09T09:20:22","date_gmt":"2011-11-09T07:20:22","guid":{"rendered":"https:\/\/giannidavico.it\/staging\/gopiedmont\/?p=959"},"modified":"2011-11-09T09:20:22","modified_gmt":"2011-11-09T07:20:22","slug":"rescontr-ed-versej-%e2%80%93-mia-ideja","status":"publish","type":"post","link":"https:\/\/giannidavico.it\/gopiedmont\/2011\/11\/09\/rescontr-ed-versej-%e2%80%93-mia-ideja\/","title":{"rendered":"R\u00ebscontr \u00ebd V\u00ebrsej \u2013 mia id\u00e8ja"},"content":{"rendered":"<p>Ant le sman-e pass\u00e0 i l\u2019hai public\u00e0 an cost bl\u00f2gh qu\u00e0ich coment (<a href=\"https:\/\/giannidavico.it\/gopiedmont\/2011\/10\/19\/rescontr-ed-versej-lopinion-ed-gianluca-perrini\/\" title=\"R\u00ebscontr \u00ebd V\u00ebrsej \u2013 l\u2019opinion \u00ebd Gianluca Perrini\">s\u00ec<\/a>, <a href=\"https:\/\/giannidavico.it\/gopiedmont\/2011\/10\/26\/rescontr-ed-versej-%e2%80%93-na-nota-d-bepe-sane-dragonot\/\" title=\"R\u00ebscontr \u00ebd V\u00ebrsej \u2013 na n\u00f2ta \u2018d Bepe San\u00e9 (Dragon\u00f2t)\">s\u00ec<\/a> e <a href=\"https:\/\/giannidavico.it\/gopiedmont\/2011\/11\/02\/rescontr-ed-versej-%e2%80%93-un-pense-d-sergi-garuss\/\" title=\"R\u00ebscontr \u00ebd V\u00ebrsej \u2013 un pens\u00e9 \u2018d Sergi Garuss\">s\u00ec<\/a>) ansima al <a href=\"https:\/\/giannidavico.it\/gopiedmont\/2011\/10\/05\/la-grafia-dla-lenga-piemonteisa-arlongh-ij-secoj\/\" title=\"La graf\u00eca dla lenga piemont\u00e8isa arlongh ij s\u00e9coj\">r\u00ebscontr an sla graf\u00eca dla lenga piemont\u00e8isa arlongh ij s\u00e9coj<\/a>. Adess i veuj d\u00ec la mia.<\/p>\n<p>Mi i l\u2019hai ancamin\u00e0 a scrive an piemont\u00e8is d\u00f2p ai vint agn. I j\u2019era iscrit a la facolt\u00e0 \u2018d lettere, minca r\u00f2ba scrita am apassionava, e amprende a scrive an piemont\u00e8is a l\u2019\u00e9 st\u00e0it come sar\u00e9 un cercc \u2013 na r\u00f2ba natural, cartesian-a squasi. I l\u2019hai ancontr\u00e0 na graf\u00eca \u2013 un-a sola \u2013 e bin volent\u00e9 i son st\u00e0it a le reg\u00f2le, com ch\u2019a l\u2019\u00e9 normal quand ch\u2019a s\u2019amprend na lenga scrita.<\/p>\n<p>Se adess am disejsso \u00aba venta cambi\u00e9 tut\u00bb i sar\u00eca pront a cambi\u00e9 \u2013 <a href=\"https:\/\/giannidavico.it\/brainfood\/la-vita-2-0\/\" title=\"La vita 2.0\">m\u00e9 \u00f9ltim l\u00ecber<\/a> a parla, an doe par\u00f2le, dla g\u00f2j ch\u2019a deriva dal cambiament. Ma p\u00ebr cambi\u00e9 a-i va un motiv, e mi i vegh nen dij motiv p\u00ebr pass\u00e9 da la grafia st\u00f2rica a cola <a href=\"http:\/\/www.piemunteis.it\/\" title=\"Piemunteis.it\" target=\"_blank\">mincad\u00ec (Eandi-Villata)<\/a>.<\/p>\n<p>Nen un motiv filol\u00f2gich: la graf\u00eca mincad\u00ec a l\u2019\u00e9 nen grop\u00e0 a gnun-e tradission, a l\u2019\u00e9 na semplificassion \u00abmec\u00e0nica\u00bb. E ambeless\u00ec am ven an ment l\u00f2n che Cesare Pavese a scriv\u00eca ant la <em>Prefazione<\/em> a <em>Moby Dick<\/em>:<\/p>\n<blockquote><p>Avere una tradizione \u00e8 meno che nulla, \u00e8 soltanto cercandola che si pu\u00f2 viverla.<\/p><\/blockquote>\n<p>Nen un motiv pr\u00e0tich: chi ch\u2019a scriv o les nen an piemont\u00e8is adess a lo far\u00e0 nen con na graf\u00eca diversa, bele se p\u00ec f\u00e0cila.<\/p>\n<p>Tut s\u00f2n, dit con tut \u00ebl rispet ch\u2019i l\u2019hai p\u00ebr Enrico Eandi: i con\u00f2ss soa passion p\u00ebr \u00ebl Piemont e i sai perfetament che a l\u2019ha car come mi e come tanti \u00e0utri l\u2019avn\u00ec (e \u2018l present) \u00ebd n\u00f2sta lenga. Ma \u2018l piemont\u00e8is a l\u2019ha na graf\u00eca codific\u00e0 da la tradission: a peul nen pias\u00e8jne, ma a l\u2019\u00e9 par\u00e8j. E amprende a scrive an piemont\u00e8is a l\u2019\u00e9 f\u00e0cil, bon ben f\u00e0cil (i peuss testimonielo p\u00ebrch\u00e8 ch\u2019i l\u2019hai falo): a basta ch\u2019a-i sia la motivassion.<\/p>\n<p>Anventesse na graf\u00eca, p\u00ebr m\u00e9 cont, n\u00f2, a l\u2019ha nen sens: i podoma nen pens\u00e9 che an semplificand is butroma an tanti a scrive. \u00cbl piemont\u00e8is a l\u2019\u00e9 na lenga ch\u2019a meuir (nen m\u00f2rta), con tute le dificolt\u00e0 dle lenghe regionaj. Ma a l\u2019\u00e9 la lenga mia, m\u00e9 pais, m\u00e9 cheur.<\/p>\n","protected":false},"excerpt":{"rendered":"<p>Ant le sman-e pass\u00e0 i l\u2019hai public\u00e0 an cost bl\u00f2gh qu\u00e0ich coment (<a href=\"https:\/\/giannidavico.it\/gopiedmont\/2011\/10\/19\/rescontr-ed-versej-lopinion-ed-gianluca-perrini\/\" title=\"R\u00ebscontr \u00ebd V\u00ebrsej \u2013 l\u2019opinion \u00ebd Gianluca Perrini\">s\u00ec<\/a>, <a href=\"https:\/\/giannidavico.it\/gopiedmont\/2011\/10\/26\/rescontr-ed-versej-%e2%80%93-na-nota-d-bepe-sane-dragonot\/\" title=\"R\u00ebscontr \u00ebd V\u00ebrsej \u2013 na n\u00f2ta \u2018d Bepe San\u00e9 (Dragon\u00f2t)\">s\u00ec<\/a> e <a href=\"https:\/\/giannidavico.it\/gopiedmont\/2011\/11\/02\/rescontr-ed-versej-%e2%80%93-un-pense-d-sergi-garuss\/\" title=\"R\u00ebscontr \u00ebd V\u00ebrsej \u2013 un pens\u00e9 \u2018d Sergi Garuss\">s\u00ec<\/a>) ansima al <a href=\"https:\/\/giannidavico.it\/gopiedmont\/2011\/10\/05\/la-grafia-dla-lenga-piemonteisa-arlongh-ij-secoj\/\" title=\"La graf\u00eca dla lenga piemont\u00e8isa arlongh ij s\u00e9coj\">r\u00ebscontr an sla graf\u00eca dla lenga piemont\u00e8isa arlongh ij s\u00e9coj<\/a>. Adess i veuj d\u00ec la mia.<\/p>\n<p>Mi i l\u2019hai ancamin\u00e0 a scrive an piemont\u00e8is d\u00f2p ai vint agn. I j\u2019era iscrit a la facolt\u00e0 \u2018d lettere, minca r\u00f2ba scrita am apassionava, e amprende a scrive an piemont\u00e8is a l\u2019\u00e9 st\u00e0it come sar\u00e9 un cercc \u2013 na r\u00f2ba natural, cartesian-a squasi. I l\u2019hai ancontr\u00e0 na graf\u00eca \u2013 un-a sola \u2013 e bin volent\u00e9 i son st\u00e0it a le reg\u00f2le, com ch\u2019a l\u2019\u00e9 normal quand ch\u2019a s\u2019amprend na lenga scrita.<\/p>\n<p>Se adess am disejsso \u00aba venta cambi\u00e9 tut\u00bb i sar\u00eca pront a cambi\u00e9 \u2013 <a href=\"https:\/\/giannidavico.it\/brainfood\/la-vita-2-0\/\" title=\"La vita 2.0\">m\u00e9 \u00f9ltim l\u00ecber<\/a> a parla, an doe par\u00f2le, dla g\u00f2j ch\u2019a deriva dal cambiament. Ma p\u00ebr cambi\u00e9 a-i va un motiv, e mi i vegh nen dij motiv p\u00ebr pass\u00e9 da la grafia st\u00f2rica a cola <a [\u2026] <a class=\"moretag\" href=\"https:\/\/giannidavico.it\/gopiedmont\/2011\/11\/09\/rescontr-ed-versej-%e2%80%93-mia-ideja\/\">continua a leggere \u00bb<\/a><\/p>\n","protected":false},"author":4,"featured_media":0,"comment_status":"open","ping_status":"open","sticky":false,"template":"","format":"standard","meta":[],"categories":[130],"tags":[124,107],"yoast_head":"<!-- This site is optimized with the Yoast SEO plugin v19.14 - https:\/\/yoast.com\/wordpress\/plugins\/seo\/ -->\n<title>R\u00ebscontr \u00ebd V\u00ebrsej \u2013 mia id\u00e8ja - Go Piedmont<\/title>\n<meta name=\"robots\" content=\"index, follow, max-snippet:-1, max-image-preview:large, max-video-preview:-1\" \/>\n<link rel=\"canonical\" href=\"https:\/\/giannidavico.it\/gopiedmont\/2011\/11\/09\/rescontr-ed-versej-\u2013-mia-ideja\/\" \/>\n<meta property=\"og:locale\" content=\"it_IT\" \/>\n<meta property=\"og:type\" content=\"article\" \/>\n<meta property=\"og:title\" content=\"R\u00ebscontr \u00ebd V\u00ebrsej \u2013 mia id\u00e8ja - Go Piedmont\" \/>\n<meta property=\"og:description\" content=\"Ant le sman-e pass\u00e0 i l\u2019hai public\u00e0 an cost bl\u00f2gh qu\u00e0ich coment (s\u00ec, s\u00ec e s\u00ec) ansima al r\u00ebscontr an sla graf\u00eca dla lenga piemont\u00e8isa arlongh ij s\u00e9coj. Adess i veuj d\u00ec la mia. Mi i l\u2019hai ancamin\u00e0 a scrive an piemont\u00e8is d\u00f2p ai vint agn. I j\u2019era iscrit a la facolt\u00e0 \u2018d lettere, minca r\u00f2ba scrita am apassionava, e amprende a scrive an piemont\u00e8is a l\u2019\u00e9 st\u00e0it come sar\u00e9 un cercc \u2013 na r\u00f2ba natural, cartesian-a squasi. I l\u2019hai ancontr\u00e0 na graf\u00eca \u2013 un-a sola \u2013 e bin volent\u00e9 i son st\u00e0it a le reg\u00f2le, com ch\u2019a l\u2019\u00e9 normal quand ch\u2019a s\u2019amprend na lenga scrita. Se adess am disejsso \u00aba venta cambi\u00e9 tut\u00bb i sar\u00eca pront a cambi\u00e9 \u2013 m\u00e9 \u00f9ltim l\u00ecber a parla, an doe par\u00f2le, dla g\u00f2j ch\u2019a deriva dal cambiament. Ma p\u00ebr cambi\u00e9 a-i va un motiv, e mi i vegh nen dij motiv p\u00ebr pass\u00e9 da la grafia st\u00f2rica a cola\" \/>\n<meta property=\"og:url\" content=\"https:\/\/giannidavico.it\/gopiedmont\/2011\/11\/09\/rescontr-ed-versej-\u2013-mia-ideja\/\" \/>\n<meta property=\"og:site_name\" content=\"Go Piedmont\" \/>\n<meta property=\"article:published_time\" content=\"2011-11-09T07:20:22+00:00\" \/>\n<meta name=\"author\" content=\"giannidavico\" \/>\n<meta name=\"twitter:card\" content=\"summary_large_image\" \/>\n<meta name=\"twitter:label1\" content=\"Scritto da\" \/>\n\t<meta name=\"twitter:data1\" content=\"giannidavico\" \/>\n\t<meta name=\"twitter:label2\" content=\"Tempo di lettura stimato\" \/>\n\t<meta name=\"twitter:data2\" content=\"2 minuti\" \/>\n<script type=\"application\/ld+json\" class=\"yoast-schema-graph\">{\"@context\":\"https:\/\/schema.org\",\"@graph\":[{\"@type\":\"WebPage\",\"@id\":\"https:\/\/giannidavico.it\/gopiedmont\/2011\/11\/09\/rescontr-ed-versej-%e2%80%93-mia-ideja\/\",\"url\":\"https:\/\/giannidavico.it\/gopiedmont\/2011\/11\/09\/rescontr-ed-versej-%e2%80%93-mia-ideja\/\",\"name\":\"R\u00ebscontr \u00ebd V\u00ebrsej \u2013 mia id\u00e8ja - Go Piedmont\",\"isPartOf\":{\"@id\":\"https:\/\/giannidavico.it\/gopiedmont\/#website\"},\"datePublished\":\"2011-11-09T07:20:22+00:00\",\"dateModified\":\"2011-11-09T07:20:22+00:00\",\"author\":{\"@id\":\"https:\/\/giannidavico.it\/gopiedmont\/#\/schema\/person\/ea1fd17d8f2dba325f3712219efa8f77\"},\"inLanguage\":\"it-IT\",\"potentialAction\":[{\"@type\":\"ReadAction\",\"target\":[\"https:\/\/giannidavico.it\/gopiedmont\/2011\/11\/09\/rescontr-ed-versej-%e2%80%93-mia-ideja\/\"]}]},{\"@type\":\"WebSite\",\"@id\":\"https:\/\/giannidavico.it\/gopiedmont\/#website\",\"url\":\"https:\/\/giannidavico.it\/gopiedmont\/\",\"name\":\"Go Piedmont\",\"description\":\"pens\u00e9 dzora l\u00ecber, event e p\u00ebrson-e grop\u00e0 al Piemont e a la lenga piemont\u00e8isa\",\"potentialAction\":[{\"@type\":\"SearchAction\",\"target\":{\"@type\":\"EntryPoint\",\"urlTemplate\":\"https:\/\/giannidavico.it\/gopiedmont\/?s={search_term_string}\"},\"query-input\":\"required name=search_term_string\"}],\"inLanguage\":\"it-IT\"},{\"@type\":\"Person\",\"@id\":\"https:\/\/giannidavico.it\/gopiedmont\/#\/schema\/person\/ea1fd17d8f2dba325f3712219efa8f77\",\"name\":\"giannidavico\",\"image\":{\"@type\":\"ImageObject\",\"inLanguage\":\"it-IT\",\"@id\":\"https:\/\/giannidavico.it\/gopiedmont\/#\/schema\/person\/image\/\",\"url\":\"https:\/\/secure.gravatar.com\/avatar\/337748753d882602f3038b55fb369ba1?s=96&d=mm&r=g\",\"contentUrl\":\"https:\/\/secure.gravatar.com\/avatar\/337748753d882602f3038b55fb369ba1?s=96&d=mm&r=g\",\"caption\":\"giannidavico\"},\"url\":\"https:\/\/giannidavico.it\/gopiedmont\/author\/giannidavico\/\"}]}<\/script>\n<!-- \/ Yoast SEO plugin. -->","yoast_head_json":{"title":"R\u00ebscontr \u00ebd V\u00ebrsej \u2013 mia id\u00e8ja - Go Piedmont","robots":{"index":"index","follow":"follow","max-snippet":"max-snippet:-1","max-image-preview":"max-image-preview:large","max-video-preview":"max-video-preview:-1"},"canonical":"https:\/\/giannidavico.it\/gopiedmont\/2011\/11\/09\/rescontr-ed-versej-\u2013-mia-ideja\/","og_locale":"it_IT","og_type":"article","og_title":"R\u00ebscontr \u00ebd V\u00ebrsej \u2013 mia id\u00e8ja - Go Piedmont","og_description":"Ant le sman-e pass\u00e0 i l\u2019hai public\u00e0 an cost bl\u00f2gh qu\u00e0ich coment (s\u00ec, s\u00ec e s\u00ec) ansima al r\u00ebscontr an sla graf\u00eca dla lenga piemont\u00e8isa arlongh ij s\u00e9coj. Adess i veuj d\u00ec la mia. Mi i l\u2019hai ancamin\u00e0 a scrive an piemont\u00e8is d\u00f2p ai vint agn. I j\u2019era iscrit a la facolt\u00e0 \u2018d lettere, minca r\u00f2ba scrita am apassionava, e amprende a scrive an piemont\u00e8is a l\u2019\u00e9 st\u00e0it come sar\u00e9 un cercc \u2013 na r\u00f2ba natural, cartesian-a squasi. I l\u2019hai ancontr\u00e0 na graf\u00eca \u2013 un-a sola \u2013 e bin volent\u00e9 i son st\u00e0it a le reg\u00f2le, com ch\u2019a l\u2019\u00e9 normal quand ch\u2019a s\u2019amprend na lenga scrita. Se adess am disejsso \u00aba venta cambi\u00e9 tut\u00bb i sar\u00eca pront a cambi\u00e9 \u2013 m\u00e9 \u00f9ltim l\u00ecber a parla, an doe par\u00f2le, dla g\u00f2j ch\u2019a deriva dal cambiament. Ma p\u00ebr cambi\u00e9 a-i va un motiv, e mi i vegh nen dij motiv p\u00ebr pass\u00e9 da la grafia st\u00f2rica a cola","og_url":"https:\/\/giannidavico.it\/gopiedmont\/2011\/11\/09\/rescontr-ed-versej-\u2013-mia-ideja\/","og_site_name":"Go Piedmont","article_published_time":"2011-11-09T07:20:22+00:00","author":"giannidavico","twitter_card":"summary_large_image","twitter_misc":{"Scritto da":"giannidavico","Tempo di lettura stimato":"2 minuti"},"schema":{"@context":"https:\/\/schema.org","@graph":[{"@type":"WebPage","@id":"https:\/\/giannidavico.it\/gopiedmont\/2011\/11\/09\/rescontr-ed-versej-%e2%80%93-mia-ideja\/","url":"https:\/\/giannidavico.it\/gopiedmont\/2011\/11\/09\/rescontr-ed-versej-%e2%80%93-mia-ideja\/","name":"R\u00ebscontr \u00ebd V\u00ebrsej \u2013 mia id\u00e8ja - Go Piedmont","isPartOf":{"@id":"https:\/\/giannidavico.it\/gopiedmont\/#website"},"datePublished":"2011-11-09T07:20:22+00:00","dateModified":"2011-11-09T07:20:22+00:00","author":{"@id":"https:\/\/giannidavico.it\/gopiedmont\/#\/schema\/person\/ea1fd17d8f2dba325f3712219efa8f77"},"inLanguage":"it-IT","potentialAction":[{"@type":"ReadAction","target":["https:\/\/giannidavico.it\/gopiedmont\/2011\/11\/09\/rescontr-ed-versej-%e2%80%93-mia-ideja\/"]}]},{"@type":"WebSite","@id":"https:\/\/giannidavico.it\/gopiedmont\/#website","url":"https:\/\/giannidavico.it\/gopiedmont\/","name":"Go Piedmont","description":"pens\u00e9 dzora l\u00ecber, event e p\u00ebrson-e grop\u00e0 al Piemont e a la lenga piemont\u00e8isa","potentialAction":[{"@type":"SearchAction","target":{"@type":"EntryPoint","urlTemplate":"https:\/\/giannidavico.it\/gopiedmont\/?s={search_term_string}"},"query-input":"required name=search_term_string"}],"inLanguage":"it-IT"},{"@type":"Person","@id":"https:\/\/giannidavico.it\/gopiedmont\/#\/schema\/person\/ea1fd17d8f2dba325f3712219efa8f77","name":"giannidavico","image":{"@type":"ImageObject","inLanguage":"it-IT","@id":"https:\/\/giannidavico.it\/gopiedmont\/#\/schema\/person\/image\/","url":"https:\/\/secure.gravatar.com\/avatar\/337748753d882602f3038b55fb369ba1?s=96&d=mm&r=g","contentUrl":"https:\/\/secure.gravatar.com\/avatar\/337748753d882602f3038b55fb369ba1?s=96&d=mm&r=g","caption":"giannidavico"},"url":"https:\/\/giannidavico.it\/gopiedmont\/author\/giannidavico\/"}]}},"_links":{"self":[{"href":"https:\/\/giannidavico.it\/gopiedmont\/wp-json\/wp\/v2\/posts\/959"}],"collection":[{"href":"https:\/\/giannidavico.it\/gopiedmont\/wp-json\/wp\/v2\/posts"}],"about":[{"href":"https:\/\/giannidavico.it\/gopiedmont\/wp-json\/wp\/v2\/types\/post"}],"author":[{"embeddable":true,"href":"https:\/\/giannidavico.it\/gopiedmont\/wp-json\/wp\/v2\/users\/4"}],"replies":[{"embeddable":true,"href":"https:\/\/giannidavico.it\/gopiedmont\/wp-json\/wp\/v2\/comments?post=959"}],"version-history":[{"count":6,"href":"https:\/\/giannidavico.it\/gopiedmont\/wp-json\/wp\/v2\/posts\/959\/revisions"}],"predecessor-version":[{"id":965,"href":"https:\/\/giannidavico.it\/gopiedmont\/wp-json\/wp\/v2\/posts\/959\/revisions\/965"}],"wp:attachment":[{"href":"https:\/\/giannidavico.it\/gopiedmont\/wp-json\/wp\/v2\/media?parent=959"}],"wp:term":[{"taxonomy":"category","embeddable":true,"href":"https:\/\/giannidavico.it\/gopiedmont\/wp-json\/wp\/v2\/categories?post=959"},{"taxonomy":"post_tag","embeddable":true,"href":"https:\/\/giannidavico.it\/gopiedmont\/wp-json\/wp\/v2\/tags?post=959"}],"curies":[{"name":"wp","href":"https:\/\/api.w.org\/{rel}","templated":true}]}}