{"id":97,"date":"2010-03-02T11:38:00","date_gmt":"2010-03-02T11:38:00","guid":{"rendered":"https:\/\/giannidavico.it\/staging\/gopiedmont\/2010\/03\/02\/el-piemonteis-e-ij-cit-del-perche-e-del-percome-lese-an-piemonteis-a-noste-masna\/"},"modified":"2015-09-23T11:24:27","modified_gmt":"2015-09-23T10:24:27","slug":"el-piemonteis-e-ij-cit-del-perche-e-del-percome-lese-an-piemonteis-a-noste-masna","status":"publish","type":"post","link":"https:\/\/giannidavico.it\/gopiedmont\/2010\/03\/02\/el-piemonteis-e-ij-cit-del-perche-e-del-percome-lese-an-piemonteis-a-noste-masna\/","title":{"rendered":"\u00cbl piemont\u00e8is e ij cit. D\u00ebl p\u00ebrch\u00e8 e d\u00ebl p\u00ebrcome lese an piemont\u00e8is a n\u00f2ste masn\u00e0"},"content":{"rendered":"<p>I ston prontand la conferensa ch\u2019i tnirai st\u2019ann a Moncal\u00e9, Susa, Turin e \u00c0ich p\u00ebr la <a href=\"http:\/\/www.studipiemontesi.it\/\" target=\"_blank\">Ca d\u00eb Studi Piemont\u00e8is<\/a>. P\u00ebr costa edission i son and\u00e0it a arpi\u00e9 un tema d\u00ebl qual, come a san bin ij m\u00e9 vintesingh letor, i parl sovens e volent\u00e9: lese an piemont\u00e8is ai n\u00f2sti cit.<\/p>\n<p>I parlerai \u00ebd GianRens Clivio, Milo Br\u00e9, Ezio Girardi, Michela Grosso, Adriana Chiabrando e tanti autri autor ch\u2019a l\u2019han scrit e scrivo an n\u00f2sta lenga p\u00ebr ij cit, sensa d\u00ebsmenti\u00e9 le tradussion \u00ebd <span style=\"font-style:italic\">Pin\u00f2cchio<\/span>, d\u00ebl <span style=\"font-style:italic\">Cit prinsi<\/span> e via f\u00f2rt.<\/p>\n<p>Chi ch\u2019a fussa anteress\u00e0 a sar\u00e0 m\u00e8 \u00f2spite bin agrad\u00ec a:<br \/>\n&#8211; Moncal\u00e9, Famija Moncaler\u00e8isa, Via Alfieri 40, merco 24 mars a 4 e mesa;<br \/>\n&#8211; Susa, Unitre, cors Union Sovietica 18, m\u00e0rtes 30 mars a 4 e mesa;<br \/>\n&#8211; Turin, biblioteca Villa Amoretti al parch Rignon, cors Orbassan, 200, merco 7 avr\u00ec a 5 ore;<br \/>\n&#8211; \u00c0ich (Acqui Terme, an sl\u00eb cartin-e), sc\u00f2la elementar Saracco, via XX st\u00e8mber, 20, l\u00f9n-es 12 avr\u00ec a 5 ore.<\/p>\n<p><strike><a href=\"http:\/\/www.studipiemontesi.it\/pdf\/loc_piemontese_2010.pdf\" target=\"_blank\">Ambeless\u00ec<\/a><\/strike> a-i \u00e9 \u2018l calendari complet dij cors, con un gr\u00f2ss mers\u00ec a Giulia Pennaroli e D\u00e0vid Damilan p\u00ebr tut l\u00eb sf\u00f2rs organisativ.<\/p>\n","protected":false},"excerpt":{"rendered":"<p>I ston prontand la conferensa ch\u2019i tnirai st\u2019ann a Moncal\u00e9, Susa, Turin e \u00c0ich p\u00ebr la <a href=\"http:\/\/www.studipiemontesi.it\/\" target=\"_blank\">Ca d\u00eb Studi Piemont\u00e8is<\/a>. P\u00ebr costa edission i son and\u00e0it a arpi\u00e9 un tema d\u00ebl qual, come a san bin ij m\u00e9 vintesingh letor, i parl sovens e volent\u00e9: lese an piemont\u00e8is ai n\u00f2sti cit.<\/p>\n<p>I parlerai \u00ebd GianRens Clivio, Milo Br\u00e9, Ezio Girardi, Michela Grosso, Adriana Chiabrando e tanti autri autor ch\u2019a l\u2019han scrit e scrivo an n\u00f2sta lenga p\u00ebr ij cit, sensa d\u00ebsmenti\u00e9 le tradussion \u00ebd Pin\u00f2cchio, d\u00ebl Cit prinsi e via f\u00f2rt.<\/p>\n<p>Chi ch\u2019a fussa anteress\u00e0 a sar\u00e0 m\u00e8 \u00f2spite bin agrad\u00ec a:<br \/> &#8211; Moncal\u00e9, Famija Moncaler\u00e8isa, Via Alfieri 40, merco 24 mars a 4 e mesa;<br \/> &#8211; Susa, Unitre, cors Union Sovietica 18, m\u00e0rtes 30 mars a 4 e mesa;<br \/> &#8211; Turin, biblioteca Villa Amoretti al parch Rignon, cors Orbassan, 200, merco 7 avr\u00ec a 5 ore;<br \/> &#8211; \u00c0ich (Acqui Terme, an sl\u00eb cartin-e), sc\u00f2la elementar Saracco, via XX st\u00e8mber, 20, l\u00f9n-es 12 avr\u00ec a 5 ore.<\/p>\n<p><a href=\"http:\/\/www.studipiemontesi.it\/pdf\/loc_piemontese_2010.pdf\" target=\"_blank\">Ambeless\u00ec<\/a> a-i \u00e9 \u2018l calendari complet dij cors, con un gr\u00f2ss mers\u00ec a Giulia Pennaroli e D\u00e0vid Damilan p\u00ebr tut l\u00eb sf\u00f2rs organisativ.<\/p>\n","protected":false},"author":1,"featured_media":0,"comment_status":"open","ping_status":"open","sticky":false,"template":"","format":"standard","meta":[],"categories":[130],"tags":[108,64],"yoast_head":"<!-- This site is optimized with the Yoast SEO plugin v19.14 - https:\/\/yoast.com\/wordpress\/plugins\/seo\/ -->\n<title>\u00cbl piemont\u00e8is e ij cit. D\u00ebl p\u00ebrch\u00e8 e d\u00ebl p\u00ebrcome lese an piemont\u00e8is a n\u00f2ste masn\u00e0 - Go Piedmont<\/title>\n<meta name=\"robots\" content=\"index, follow, max-snippet:-1, max-image-preview:large, max-video-preview:-1\" \/>\n<link rel=\"canonical\" href=\"https:\/\/giannidavico.it\/gopiedmont\/2010\/03\/02\/el-piemonteis-e-ij-cit-del-perche-e-del-percome-lese-an-piemonteis-a-noste-masna\/\" \/>\n<meta property=\"og:locale\" content=\"it_IT\" \/>\n<meta property=\"og:type\" content=\"article\" \/>\n<meta property=\"og:title\" content=\"\u00cbl piemont\u00e8is e ij cit. D\u00ebl p\u00ebrch\u00e8 e d\u00ebl p\u00ebrcome lese an piemont\u00e8is a n\u00f2ste masn\u00e0 - Go Piedmont\" \/>\n<meta property=\"og:description\" content=\"I ston prontand la conferensa ch\u2019i tnirai st\u2019ann a Moncal\u00e9, Susa, Turin e \u00c0ich p\u00ebr la Ca d\u00eb Studi Piemont\u00e8is. P\u00ebr costa edission i son and\u00e0it a arpi\u00e9 un tema d\u00ebl qual, come a san bin ij m\u00e9 vintesingh letor, i parl sovens e volent\u00e9: lese an piemont\u00e8is ai n\u00f2sti cit. I parlerai \u00ebd GianRens Clivio, Milo Br\u00e9, Ezio Girardi, Michela Grosso, Adriana Chiabrando e tanti autri autor ch\u2019a l\u2019han scrit e scrivo an n\u00f2sta lenga p\u00ebr ij cit, sensa d\u00ebsmenti\u00e9 le tradussion \u00ebd Pin\u00f2cchio, d\u00ebl Cit prinsi e via f\u00f2rt. Chi ch\u2019a fussa anteress\u00e0 a sar\u00e0 m\u00e8 \u00f2spite bin agrad\u00ec a: &#8211; Moncal\u00e9, Famija Moncaler\u00e8isa, Via Alfieri 40, merco 24 mars a 4 e mesa; &#8211; Susa, Unitre, cors Union Sovietica 18, m\u00e0rtes 30 mars a 4 e mesa; &#8211; Turin, biblioteca Villa Amoretti al parch Rignon, cors Orbassan, 200, merco 7 avr\u00ec a 5 ore; &#8211; \u00c0ich (Acqui Terme, an sl\u00eb cartin-e), sc\u00f2la elementar Saracco, via XX st\u00e8mber, 20, l\u00f9n-es 12 avr\u00ec a 5 ore. Ambeless\u00ec a-i \u00e9 \u2018l calendari complet dij cors, con un gr\u00f2ss mers\u00ec a Giulia Pennaroli e D\u00e0vid Damilan p\u00ebr tut l\u00eb sf\u00f2rs organisativ.\" \/>\n<meta property=\"og:url\" content=\"https:\/\/giannidavico.it\/gopiedmont\/2010\/03\/02\/el-piemonteis-e-ij-cit-del-perche-e-del-percome-lese-an-piemonteis-a-noste-masna\/\" \/>\n<meta property=\"og:site_name\" content=\"Go Piedmont\" \/>\n<meta property=\"article:published_time\" content=\"2010-03-02T11:38:00+00:00\" \/>\n<meta property=\"article:modified_time\" content=\"2015-09-23T10:24:27+00:00\" \/>\n<meta name=\"author\" content=\"admin\" \/>\n<meta name=\"twitter:card\" content=\"summary_large_image\" \/>\n<meta name=\"twitter:label1\" content=\"Scritto da\" \/>\n\t<meta name=\"twitter:data1\" content=\"admin\" \/>\n\t<meta name=\"twitter:label2\" content=\"Tempo di lettura stimato\" \/>\n\t<meta name=\"twitter:data2\" content=\"1 minuto\" \/>\n<script type=\"application\/ld+json\" class=\"yoast-schema-graph\">{\"@context\":\"https:\/\/schema.org\",\"@graph\":[{\"@type\":\"WebPage\",\"@id\":\"https:\/\/giannidavico.it\/gopiedmont\/2010\/03\/02\/el-piemonteis-e-ij-cit-del-perche-e-del-percome-lese-an-piemonteis-a-noste-masna\/\",\"url\":\"https:\/\/giannidavico.it\/gopiedmont\/2010\/03\/02\/el-piemonteis-e-ij-cit-del-perche-e-del-percome-lese-an-piemonteis-a-noste-masna\/\",\"name\":\"\u00cbl piemont\u00e8is e ij cit. D\u00ebl p\u00ebrch\u00e8 e d\u00ebl p\u00ebrcome lese an piemont\u00e8is a n\u00f2ste masn\u00e0 - Go Piedmont\",\"isPartOf\":{\"@id\":\"https:\/\/giannidavico.it\/gopiedmont\/#website\"},\"datePublished\":\"2010-03-02T11:38:00+00:00\",\"dateModified\":\"2015-09-23T10:24:27+00:00\",\"author\":{\"@id\":\"https:\/\/giannidavico.it\/gopiedmont\/#\/schema\/person\/6a96d8672f14b275ece93af45a6da78b\"},\"inLanguage\":\"it-IT\",\"potentialAction\":[{\"@type\":\"ReadAction\",\"target\":[\"https:\/\/giannidavico.it\/gopiedmont\/2010\/03\/02\/el-piemonteis-e-ij-cit-del-perche-e-del-percome-lese-an-piemonteis-a-noste-masna\/\"]}]},{\"@type\":\"WebSite\",\"@id\":\"https:\/\/giannidavico.it\/gopiedmont\/#website\",\"url\":\"https:\/\/giannidavico.it\/gopiedmont\/\",\"name\":\"Go Piedmont\",\"description\":\"pens\u00e9 dzora l\u00ecber, event e p\u00ebrson-e grop\u00e0 al Piemont e a la lenga piemont\u00e8isa\",\"potentialAction\":[{\"@type\":\"SearchAction\",\"target\":{\"@type\":\"EntryPoint\",\"urlTemplate\":\"https:\/\/giannidavico.it\/gopiedmont\/?s={search_term_string}\"},\"query-input\":\"required name=search_term_string\"}],\"inLanguage\":\"it-IT\"},{\"@type\":\"Person\",\"@id\":\"https:\/\/giannidavico.it\/gopiedmont\/#\/schema\/person\/6a96d8672f14b275ece93af45a6da78b\",\"name\":\"admin\",\"image\":{\"@type\":\"ImageObject\",\"inLanguage\":\"it-IT\",\"@id\":\"https:\/\/giannidavico.it\/gopiedmont\/#\/schema\/person\/image\/\",\"url\":\"https:\/\/secure.gravatar.com\/avatar\/337748753d882602f3038b55fb369ba1?s=96&d=mm&r=g\",\"contentUrl\":\"https:\/\/secure.gravatar.com\/avatar\/337748753d882602f3038b55fb369ba1?s=96&d=mm&r=g\",\"caption\":\"admin\"},\"url\":\"https:\/\/giannidavico.it\/gopiedmont\/author\/admin\/\"}]}<\/script>\n<!-- \/ Yoast SEO plugin. -->","yoast_head_json":{"title":"\u00cbl piemont\u00e8is e ij cit. D\u00ebl p\u00ebrch\u00e8 e d\u00ebl p\u00ebrcome lese an piemont\u00e8is a n\u00f2ste masn\u00e0 - Go Piedmont","robots":{"index":"index","follow":"follow","max-snippet":"max-snippet:-1","max-image-preview":"max-image-preview:large","max-video-preview":"max-video-preview:-1"},"canonical":"https:\/\/giannidavico.it\/gopiedmont\/2010\/03\/02\/el-piemonteis-e-ij-cit-del-perche-e-del-percome-lese-an-piemonteis-a-noste-masna\/","og_locale":"it_IT","og_type":"article","og_title":"\u00cbl piemont\u00e8is e ij cit. D\u00ebl p\u00ebrch\u00e8 e d\u00ebl p\u00ebrcome lese an piemont\u00e8is a n\u00f2ste masn\u00e0 - Go Piedmont","og_description":"I ston prontand la conferensa ch\u2019i tnirai st\u2019ann a Moncal\u00e9, Susa, Turin e \u00c0ich p\u00ebr la Ca d\u00eb Studi Piemont\u00e8is. P\u00ebr costa edission i son and\u00e0it a arpi\u00e9 un tema d\u00ebl qual, come a san bin ij m\u00e9 vintesingh letor, i parl sovens e volent\u00e9: lese an piemont\u00e8is ai n\u00f2sti cit. I parlerai \u00ebd GianRens Clivio, Milo Br\u00e9, Ezio Girardi, Michela Grosso, Adriana Chiabrando e tanti autri autor ch\u2019a l\u2019han scrit e scrivo an n\u00f2sta lenga p\u00ebr ij cit, sensa d\u00ebsmenti\u00e9 le tradussion \u00ebd Pin\u00f2cchio, d\u00ebl Cit prinsi e via f\u00f2rt. Chi ch\u2019a fussa anteress\u00e0 a sar\u00e0 m\u00e8 \u00f2spite bin agrad\u00ec a: &#8211; Moncal\u00e9, Famija Moncaler\u00e8isa, Via Alfieri 40, merco 24 mars a 4 e mesa; &#8211; Susa, Unitre, cors Union Sovietica 18, m\u00e0rtes 30 mars a 4 e mesa; &#8211; Turin, biblioteca Villa Amoretti al parch Rignon, cors Orbassan, 200, merco 7 avr\u00ec a 5 ore; &#8211; \u00c0ich (Acqui Terme, an sl\u00eb cartin-e), sc\u00f2la elementar Saracco, via XX st\u00e8mber, 20, l\u00f9n-es 12 avr\u00ec a 5 ore. Ambeless\u00ec a-i \u00e9 \u2018l calendari complet dij cors, con un gr\u00f2ss mers\u00ec a Giulia Pennaroli e D\u00e0vid Damilan p\u00ebr tut l\u00eb sf\u00f2rs organisativ.","og_url":"https:\/\/giannidavico.it\/gopiedmont\/2010\/03\/02\/el-piemonteis-e-ij-cit-del-perche-e-del-percome-lese-an-piemonteis-a-noste-masna\/","og_site_name":"Go Piedmont","article_published_time":"2010-03-02T11:38:00+00:00","article_modified_time":"2015-09-23T10:24:27+00:00","author":"admin","twitter_card":"summary_large_image","twitter_misc":{"Scritto da":"admin","Tempo di lettura stimato":"1 minuto"},"schema":{"@context":"https:\/\/schema.org","@graph":[{"@type":"WebPage","@id":"https:\/\/giannidavico.it\/gopiedmont\/2010\/03\/02\/el-piemonteis-e-ij-cit-del-perche-e-del-percome-lese-an-piemonteis-a-noste-masna\/","url":"https:\/\/giannidavico.it\/gopiedmont\/2010\/03\/02\/el-piemonteis-e-ij-cit-del-perche-e-del-percome-lese-an-piemonteis-a-noste-masna\/","name":"\u00cbl piemont\u00e8is e ij cit. D\u00ebl p\u00ebrch\u00e8 e d\u00ebl p\u00ebrcome lese an piemont\u00e8is a n\u00f2ste masn\u00e0 - Go Piedmont","isPartOf":{"@id":"https:\/\/giannidavico.it\/gopiedmont\/#website"},"datePublished":"2010-03-02T11:38:00+00:00","dateModified":"2015-09-23T10:24:27+00:00","author":{"@id":"https:\/\/giannidavico.it\/gopiedmont\/#\/schema\/person\/6a96d8672f14b275ece93af45a6da78b"},"inLanguage":"it-IT","potentialAction":[{"@type":"ReadAction","target":["https:\/\/giannidavico.it\/gopiedmont\/2010\/03\/02\/el-piemonteis-e-ij-cit-del-perche-e-del-percome-lese-an-piemonteis-a-noste-masna\/"]}]},{"@type":"WebSite","@id":"https:\/\/giannidavico.it\/gopiedmont\/#website","url":"https:\/\/giannidavico.it\/gopiedmont\/","name":"Go Piedmont","description":"pens\u00e9 dzora l\u00ecber, event e p\u00ebrson-e grop\u00e0 al Piemont e a la lenga piemont\u00e8isa","potentialAction":[{"@type":"SearchAction","target":{"@type":"EntryPoint","urlTemplate":"https:\/\/giannidavico.it\/gopiedmont\/?s={search_term_string}"},"query-input":"required name=search_term_string"}],"inLanguage":"it-IT"},{"@type":"Person","@id":"https:\/\/giannidavico.it\/gopiedmont\/#\/schema\/person\/6a96d8672f14b275ece93af45a6da78b","name":"admin","image":{"@type":"ImageObject","inLanguage":"it-IT","@id":"https:\/\/giannidavico.it\/gopiedmont\/#\/schema\/person\/image\/","url":"https:\/\/secure.gravatar.com\/avatar\/337748753d882602f3038b55fb369ba1?s=96&d=mm&r=g","contentUrl":"https:\/\/secure.gravatar.com\/avatar\/337748753d882602f3038b55fb369ba1?s=96&d=mm&r=g","caption":"admin"},"url":"https:\/\/giannidavico.it\/gopiedmont\/author\/admin\/"}]}},"_links":{"self":[{"href":"https:\/\/giannidavico.it\/gopiedmont\/wp-json\/wp\/v2\/posts\/97"}],"collection":[{"href":"https:\/\/giannidavico.it\/gopiedmont\/wp-json\/wp\/v2\/posts"}],"about":[{"href":"https:\/\/giannidavico.it\/gopiedmont\/wp-json\/wp\/v2\/types\/post"}],"author":[{"embeddable":true,"href":"https:\/\/giannidavico.it\/gopiedmont\/wp-json\/wp\/v2\/users\/1"}],"replies":[{"embeddable":true,"href":"https:\/\/giannidavico.it\/gopiedmont\/wp-json\/wp\/v2\/comments?post=97"}],"version-history":[{"count":3,"href":"https:\/\/giannidavico.it\/gopiedmont\/wp-json\/wp\/v2\/posts\/97\/revisions"}],"predecessor-version":[{"id":3058,"href":"https:\/\/giannidavico.it\/gopiedmont\/wp-json\/wp\/v2\/posts\/97\/revisions\/3058"}],"wp:attachment":[{"href":"https:\/\/giannidavico.it\/gopiedmont\/wp-json\/wp\/v2\/media?parent=97"}],"wp:term":[{"taxonomy":"category","embeddable":true,"href":"https:\/\/giannidavico.it\/gopiedmont\/wp-json\/wp\/v2\/categories?post=97"},{"taxonomy":"post_tag","embeddable":true,"href":"https:\/\/giannidavico.it\/gopiedmont\/wp-json\/wp\/v2\/tags?post=97"}],"curies":[{"name":"wp","href":"https:\/\/api.w.org\/{rel}","templated":true}]}}