{"id":98,"date":"2010-03-10T10:47:00","date_gmt":"2010-03-10T10:47:00","guid":{"rendered":"https:\/\/giannidavico.it\/staging\/gopiedmont\/2010\/03\/10\/parloma-del-creus\/"},"modified":"2013-03-30T18:20:08","modified_gmt":"2013-03-30T17:20:08","slug":"parloma-del-creus","status":"publish","type":"post","link":"https:\/\/giannidavico.it\/gopiedmont\/2010\/03\/10\/parloma-del-creus\/","title":{"rendered":"Parloma d\u00ebl creus!"},"content":{"rendered":"<p>L\u2019amis Davide Fili\u00e9, una dle tante anime bon-e d\u00ebl Piemont, a ten un cors \u00ebd piemont\u00e8is a Quaron-a (Villa Rolandi), an Valsesia. A gratis p\u00ebr ij partecipant.<\/p>\n<p>A s\u2019ancamin-a \u2018l 15 mars: eut l\u00f9n-es a la s\u00e8ira, da eut e mesa p\u00ebr doe ore.<\/p>\n<p>\u00cbl cors a l\u2019\u00e9 organis\u00e0 da l\u2019associassion cultural <a href=\"http:\/\/www.solalp.it\/\" target=\"_blank\">\u00cbl Sol \u00ebd j\u2019Alp<\/a> an colaborassion con la comun-a \u2018d Quaron-a, e a l\u2019ha \u2018l but \u00ebd d\u00e9 le competense lengh\u00ecstiche prinsipaj a chi ch\u2019a veul ancamin\u00e9 a lese e scrive ant \u00ebl piemont\u00e8is dla Valsesia.<\/p>\n<p>P\u00ebr anformassion:<br \/>\nDavide Fili\u00e9<br \/>\ntel. 0163 43.20.16<br \/>\nMail: dafilie@tin.it<\/p>\n","protected":false},"excerpt":{"rendered":"<p>L\u2019amis Davide Fili\u00e9, una dle tante anime bon-e d\u00ebl Piemont, a ten un cors \u00ebd piemont\u00e8is a Quaron-a (Villa Rolandi), an Valsesia. A gratis p\u00ebr ij partecipant.<\/p>\n<p>A s\u2019ancamin-a \u2018l 15 mars: eut l\u00f9n-es a la s\u00e8ira, da eut e mesa p\u00ebr doe ore.<\/p>\n<p>\u00cbl cors a l\u2019\u00e9 organis\u00e0 da l\u2019associassion cultural <a href=\"http:\/\/www.solalp.it\/\" target=\"_blank\">\u00cbl Sol \u00ebd j\u2019Alp<\/a> an colaborassion con la comun-a \u2018d Quaron-a, e a l\u2019ha \u2018l but \u00ebd d\u00e9 le competense lengh\u00ecstiche prinsipaj a chi ch\u2019a veul ancamin\u00e9 a lese e scrive ant \u00ebl piemont\u00e8is dla Valsesia.<\/p>\n<p>P\u00ebr anformassion:<br \/> Davide Fili\u00e9<br \/> tel. 0163 43.20.16<br \/> Mail: dafilie@tin.it<\/p>\n","protected":false},"author":1,"featured_media":0,"comment_status":"open","ping_status":"open","sticky":false,"template":"","format":"standard","meta":[],"categories":[130],"tags":[108],"yoast_head":"<!-- This site is optimized with the Yoast SEO plugin v19.14 - https:\/\/yoast.com\/wordpress\/plugins\/seo\/ -->\n<title>Parloma d\u00ebl creus! - Go Piedmont<\/title>\n<meta name=\"robots\" content=\"index, follow, max-snippet:-1, max-image-preview:large, max-video-preview:-1\" \/>\n<link rel=\"canonical\" href=\"https:\/\/giannidavico.it\/gopiedmont\/2010\/03\/10\/parloma-del-creus\/\" \/>\n<meta property=\"og:locale\" content=\"it_IT\" \/>\n<meta property=\"og:type\" content=\"article\" \/>\n<meta property=\"og:title\" content=\"Parloma d\u00ebl creus! - Go Piedmont\" \/>\n<meta property=\"og:description\" content=\"L\u2019amis Davide Fili\u00e9, una dle tante anime bon-e d\u00ebl Piemont, a ten un cors \u00ebd piemont\u00e8is a Quaron-a (Villa Rolandi), an Valsesia. A gratis p\u00ebr ij partecipant. A s\u2019ancamin-a \u2018l 15 mars: eut l\u00f9n-es a la s\u00e8ira, da eut e mesa p\u00ebr doe ore. \u00cbl cors a l\u2019\u00e9 organis\u00e0 da l\u2019associassion cultural \u00cbl Sol \u00ebd j\u2019Alp an colaborassion con la comun-a \u2018d Quaron-a, e a l\u2019ha \u2018l but \u00ebd d\u00e9 le competense lengh\u00ecstiche prinsipaj a chi ch\u2019a veul ancamin\u00e9 a lese e scrive ant \u00ebl piemont\u00e8is dla Valsesia. P\u00ebr anformassion: Davide Fili\u00e9 tel. 0163 43.20.16 Mail: dafilie@tin.it\" \/>\n<meta property=\"og:url\" content=\"https:\/\/giannidavico.it\/gopiedmont\/2010\/03\/10\/parloma-del-creus\/\" \/>\n<meta property=\"og:site_name\" content=\"Go Piedmont\" \/>\n<meta property=\"article:published_time\" content=\"2010-03-10T10:47:00+00:00\" \/>\n<meta property=\"article:modified_time\" content=\"2013-03-30T17:20:08+00:00\" \/>\n<meta name=\"author\" content=\"admin\" \/>\n<meta name=\"twitter:card\" content=\"summary_large_image\" \/>\n<meta name=\"twitter:label1\" content=\"Scritto da\" \/>\n\t<meta name=\"twitter:data1\" content=\"admin\" \/>\n\t<meta name=\"twitter:label2\" content=\"Tempo di lettura stimato\" \/>\n\t<meta name=\"twitter:data2\" content=\"1 minuto\" \/>\n<script type=\"application\/ld+json\" class=\"yoast-schema-graph\">{\"@context\":\"https:\/\/schema.org\",\"@graph\":[{\"@type\":\"WebPage\",\"@id\":\"https:\/\/giannidavico.it\/gopiedmont\/2010\/03\/10\/parloma-del-creus\/\",\"url\":\"https:\/\/giannidavico.it\/gopiedmont\/2010\/03\/10\/parloma-del-creus\/\",\"name\":\"Parloma d\u00ebl creus! - Go Piedmont\",\"isPartOf\":{\"@id\":\"https:\/\/giannidavico.it\/gopiedmont\/#website\"},\"datePublished\":\"2010-03-10T10:47:00+00:00\",\"dateModified\":\"2013-03-30T17:20:08+00:00\",\"author\":{\"@id\":\"https:\/\/giannidavico.it\/gopiedmont\/#\/schema\/person\/6a96d8672f14b275ece93af45a6da78b\"},\"inLanguage\":\"it-IT\",\"potentialAction\":[{\"@type\":\"ReadAction\",\"target\":[\"https:\/\/giannidavico.it\/gopiedmont\/2010\/03\/10\/parloma-del-creus\/\"]}]},{\"@type\":\"WebSite\",\"@id\":\"https:\/\/giannidavico.it\/gopiedmont\/#website\",\"url\":\"https:\/\/giannidavico.it\/gopiedmont\/\",\"name\":\"Go Piedmont\",\"description\":\"pens\u00e9 dzora l\u00ecber, event e p\u00ebrson-e grop\u00e0 al Piemont e a la lenga piemont\u00e8isa\",\"potentialAction\":[{\"@type\":\"SearchAction\",\"target\":{\"@type\":\"EntryPoint\",\"urlTemplate\":\"https:\/\/giannidavico.it\/gopiedmont\/?s={search_term_string}\"},\"query-input\":\"required name=search_term_string\"}],\"inLanguage\":\"it-IT\"},{\"@type\":\"Person\",\"@id\":\"https:\/\/giannidavico.it\/gopiedmont\/#\/schema\/person\/6a96d8672f14b275ece93af45a6da78b\",\"name\":\"admin\",\"image\":{\"@type\":\"ImageObject\",\"inLanguage\":\"it-IT\",\"@id\":\"https:\/\/giannidavico.it\/gopiedmont\/#\/schema\/person\/image\/\",\"url\":\"https:\/\/secure.gravatar.com\/avatar\/337748753d882602f3038b55fb369ba1?s=96&d=mm&r=g\",\"contentUrl\":\"https:\/\/secure.gravatar.com\/avatar\/337748753d882602f3038b55fb369ba1?s=96&d=mm&r=g\",\"caption\":\"admin\"},\"url\":\"https:\/\/giannidavico.it\/gopiedmont\/author\/admin\/\"}]}<\/script>\n<!-- \/ Yoast SEO plugin. -->","yoast_head_json":{"title":"Parloma d\u00ebl creus! - Go Piedmont","robots":{"index":"index","follow":"follow","max-snippet":"max-snippet:-1","max-image-preview":"max-image-preview:large","max-video-preview":"max-video-preview:-1"},"canonical":"https:\/\/giannidavico.it\/gopiedmont\/2010\/03\/10\/parloma-del-creus\/","og_locale":"it_IT","og_type":"article","og_title":"Parloma d\u00ebl creus! - Go Piedmont","og_description":"L\u2019amis Davide Fili\u00e9, una dle tante anime bon-e d\u00ebl Piemont, a ten un cors \u00ebd piemont\u00e8is a Quaron-a (Villa Rolandi), an Valsesia. A gratis p\u00ebr ij partecipant. A s\u2019ancamin-a \u2018l 15 mars: eut l\u00f9n-es a la s\u00e8ira, da eut e mesa p\u00ebr doe ore. \u00cbl cors a l\u2019\u00e9 organis\u00e0 da l\u2019associassion cultural \u00cbl Sol \u00ebd j\u2019Alp an colaborassion con la comun-a \u2018d Quaron-a, e a l\u2019ha \u2018l but \u00ebd d\u00e9 le competense lengh\u00ecstiche prinsipaj a chi ch\u2019a veul ancamin\u00e9 a lese e scrive ant \u00ebl piemont\u00e8is dla Valsesia. P\u00ebr anformassion: Davide Fili\u00e9 tel. 0163 43.20.16 Mail: dafilie@tin.it","og_url":"https:\/\/giannidavico.it\/gopiedmont\/2010\/03\/10\/parloma-del-creus\/","og_site_name":"Go Piedmont","article_published_time":"2010-03-10T10:47:00+00:00","article_modified_time":"2013-03-30T17:20:08+00:00","author":"admin","twitter_card":"summary_large_image","twitter_misc":{"Scritto da":"admin","Tempo di lettura stimato":"1 minuto"},"schema":{"@context":"https:\/\/schema.org","@graph":[{"@type":"WebPage","@id":"https:\/\/giannidavico.it\/gopiedmont\/2010\/03\/10\/parloma-del-creus\/","url":"https:\/\/giannidavico.it\/gopiedmont\/2010\/03\/10\/parloma-del-creus\/","name":"Parloma d\u00ebl creus! - Go Piedmont","isPartOf":{"@id":"https:\/\/giannidavico.it\/gopiedmont\/#website"},"datePublished":"2010-03-10T10:47:00+00:00","dateModified":"2013-03-30T17:20:08+00:00","author":{"@id":"https:\/\/giannidavico.it\/gopiedmont\/#\/schema\/person\/6a96d8672f14b275ece93af45a6da78b"},"inLanguage":"it-IT","potentialAction":[{"@type":"ReadAction","target":["https:\/\/giannidavico.it\/gopiedmont\/2010\/03\/10\/parloma-del-creus\/"]}]},{"@type":"WebSite","@id":"https:\/\/giannidavico.it\/gopiedmont\/#website","url":"https:\/\/giannidavico.it\/gopiedmont\/","name":"Go Piedmont","description":"pens\u00e9 dzora l\u00ecber, event e p\u00ebrson-e grop\u00e0 al Piemont e a la lenga piemont\u00e8isa","potentialAction":[{"@type":"SearchAction","target":{"@type":"EntryPoint","urlTemplate":"https:\/\/giannidavico.it\/gopiedmont\/?s={search_term_string}"},"query-input":"required name=search_term_string"}],"inLanguage":"it-IT"},{"@type":"Person","@id":"https:\/\/giannidavico.it\/gopiedmont\/#\/schema\/person\/6a96d8672f14b275ece93af45a6da78b","name":"admin","image":{"@type":"ImageObject","inLanguage":"it-IT","@id":"https:\/\/giannidavico.it\/gopiedmont\/#\/schema\/person\/image\/","url":"https:\/\/secure.gravatar.com\/avatar\/337748753d882602f3038b55fb369ba1?s=96&d=mm&r=g","contentUrl":"https:\/\/secure.gravatar.com\/avatar\/337748753d882602f3038b55fb369ba1?s=96&d=mm&r=g","caption":"admin"},"url":"https:\/\/giannidavico.it\/gopiedmont\/author\/admin\/"}]}},"_links":{"self":[{"href":"https:\/\/giannidavico.it\/gopiedmont\/wp-json\/wp\/v2\/posts\/98"}],"collection":[{"href":"https:\/\/giannidavico.it\/gopiedmont\/wp-json\/wp\/v2\/posts"}],"about":[{"href":"https:\/\/giannidavico.it\/gopiedmont\/wp-json\/wp\/v2\/types\/post"}],"author":[{"embeddable":true,"href":"https:\/\/giannidavico.it\/gopiedmont\/wp-json\/wp\/v2\/users\/1"}],"replies":[{"embeddable":true,"href":"https:\/\/giannidavico.it\/gopiedmont\/wp-json\/wp\/v2\/comments?post=98"}],"version-history":[{"count":2,"href":"https:\/\/giannidavico.it\/gopiedmont\/wp-json\/wp\/v2\/posts\/98\/revisions"}],"predecessor-version":[{"id":1636,"href":"https:\/\/giannidavico.it\/gopiedmont\/wp-json\/wp\/v2\/posts\/98\/revisions\/1636"}],"wp:attachment":[{"href":"https:\/\/giannidavico.it\/gopiedmont\/wp-json\/wp\/v2\/media?parent=98"}],"wp:term":[{"taxonomy":"category","embeddable":true,"href":"https:\/\/giannidavico.it\/gopiedmont\/wp-json\/wp\/v2\/categories?post=98"},{"taxonomy":"post_tag","embeddable":true,"href":"https:\/\/giannidavico.it\/gopiedmont\/wp-json\/wp\/v2\/tags?post=98"}],"curies":[{"name":"wp","href":"https:\/\/api.w.org\/{rel}","templated":true}]}}